{"id":558,"date":"2017-12-18T11:18:25","date_gmt":"2017-12-18T10:18:25","guid":{"rendered":"http:\/\/agora.xtec.cat\/ceipgranullarius\/?p=558"},"modified":"2017-12-18T11:18:25","modified_gmt":"2017-12-18T10:18:25","slug":"cantada-de-nadales","status":"publish","type":"post","link":"https:\/\/agora.xtec.cat\/ceipgranullarius\/general\/cantada-de-nadales\/","title":{"rendered":"Cantada de nadales"},"content":{"rendered":"<p>El dissabte 16 de desembre L\u2019AMPA ( pares, mares, avis , \u00e0vies, nens i nenes) i les mestres de l\u2019Escola Granullarius, hem gaudit cantant les Nadales (JA VE NADAL, EL DIMONI ESCUAT) dins d\u2019un recorregut amb punts que ja ten\u00edem assignats. A continuaci\u00f3, \u00a0ens hem reunit totes AMPAs a la Pla\u00e7a de l\u2019Esgl\u00e9sia per realitzar la cantada general amb la can\u00e7\u00f3 FUM, FUM, FUM.<\/p>\n<p>Per acabar, hem degustat un bon got de brou de Nadal!!<\/p>\n<p>Ens ho hem passat molt b\u00e9!!<\/p>\n<p>BONES FESTES!! BON ANY 2018!!!<\/p>\n<p><a href=\"https:\/\/photos.app.goo.gl\/CsBavJj36ABp1GyQ2\">\u00c0lbum de fotos.<\/a><\/p>\n","protected":false},"excerpt":{"rendered":"<p>El dissabte 16 de desembre L\u2019AMPA ( pares, mares, avis , \u00e0vies, nens i nenes) i les mestres de l\u2019Escola Granullarius, hem gaudit cantant les Nadales (JA VE NADAL, EL DIMONI ESCUAT) dins d\u2019un recorregut amb punts que ja ten\u00edem assignats. A continuaci\u00f3, \u00a0ens hem&hellip;  <a href=\"https:\/\/agora.xtec.cat\/ceipgranullarius\/general\/cantada-de-nadales\/\" title=\"Read Cantada de nadales\">Llegeix m\u00e9s\u00bb<\/a><\/p>\n","protected":false},"author":1,"featured_media":0,"comment_status":"open","ping_status":"closed","sticky":false,"template":"","format":"standard","meta":{"_bbp_topic_count":0,"_bbp_reply_count":0,"_bbp_total_topic_count":0,"_bbp_total_reply_count":0,"_bbp_voice_count":0,"_bbp_anonymous_reply_count":0,"_bbp_topic_count_hidden":0,"_bbp_reply_count_hidden":0,"_bbp_forum_subforum_count":0,"footnotes":""},"categories":[7,1,4],"tags":[],"class_list":["post-558","post","type-post","status-publish","format-standard","hentry","category-ampa","category-general","category-portada"],"post_mailing_queue_ids":[],"_links":{"self":[{"href":"https:\/\/agora.xtec.cat\/ceipgranullarius\/wp-json\/wp\/v2\/posts\/558","targetHints":{"allow":["GET"]}}],"collection":[{"href":"https:\/\/agora.xtec.cat\/ceipgranullarius\/wp-json\/wp\/v2\/posts"}],"about":[{"href":"https:\/\/agora.xtec.cat\/ceipgranullarius\/wp-json\/wp\/v2\/types\/post"}],"author":[{"embeddable":true,"href":"https:\/\/agora.xtec.cat\/ceipgranullarius\/wp-json\/wp\/v2\/users\/1"}],"replies":[{"embeddable":true,"href":"https:\/\/agora.xtec.cat\/ceipgranullarius\/wp-json\/wp\/v2\/comments?post=558"}],"version-history":[{"count":2,"href":"https:\/\/agora.xtec.cat\/ceipgranullarius\/wp-json\/wp\/v2\/posts\/558\/revisions"}],"predecessor-version":[{"id":560,"href":"https:\/\/agora.xtec.cat\/ceipgranullarius\/wp-json\/wp\/v2\/posts\/558\/revisions\/560"}],"wp:attachment":[{"href":"https:\/\/agora.xtec.cat\/ceipgranullarius\/wp-json\/wp\/v2\/media?parent=558"}],"wp:term":[{"taxonomy":"category","embeddable":true,"href":"https:\/\/agora.xtec.cat\/ceipgranullarius\/wp-json\/wp\/v2\/categories?post=558"},{"taxonomy":"post_tag","embeddable":true,"href":"https:\/\/agora.xtec.cat\/ceipgranullarius\/wp-json\/wp\/v2\/tags?post=558"}],"curies":[{"name":"wp","href":"https:\/\/api.w.org\/{rel}","templated":true}]}}