{"id":536,"date":"2017-11-16T13:22:20","date_gmt":"2017-11-16T12:22:20","guid":{"rendered":"http:\/\/agora.xtec.cat\/ceipgranullarius\/?p=536"},"modified":"2017-11-20T15:36:41","modified_gmt":"2017-11-20T14:36:41","slug":"setmana-de-lart","status":"publish","type":"post","link":"https:\/\/agora.xtec.cat\/ceipgranullarius\/general\/setmana-de-lart\/","title":{"rendered":"Setmana de l&#8217;art"},"content":{"rendered":"<p>Del 13 al 17 de novembre de 2017 tots els alumnes de l&#8217;escola han desenvolupat activitats, dintre del projecte &#8220;Setmana de l&#8217;art&#8221;, relacionades amb l&#8217;\u00e0mbit creatiu, aquest curs hem triat: cultures d&#8217;altres continents com a focus d&#8217;inter\u00e8s.<\/p>\n<p>Cada cicle ha triat un, Educaci\u00f3 Infantil: \u00c0sia, Cicle Inicial: Am\u00e8rica, Cicle Mitj\u00e0: \u00c0frica i\u00a0Cicle Superior: Oceania.<\/p>\n<p>Com a resultat de tota la feina hem fet una exposici\u00f3 de les obres realitzades.<\/p>\n<p>Podeu veure les fotos de tot el proc\u00e8s:<\/p>\n<ul>\n<li><a href=\"https:\/\/photos.app.goo.gl\/FjJ6l7OcROZOUAVw1\">\u00c0lbum de fotos d&#8217;Educaci\u00f3 Infantil.<\/a><\/li>\n<li><a href=\"https:\/\/photos.app.goo.gl\/mABkDIBR32EGCObD3\">\u00c0lbum de fotos d&#8217;Educaci\u00f3 Prim\u00e0ria.<\/a><\/li>\n<li><a href=\"https:\/\/photos.app.goo.gl\/DoIR2cRSDiZqetyz2\">Exposici\u00f3.<\/a><\/li>\n<\/ul>\n","protected":false},"excerpt":{"rendered":"<p>Del 13 al 17 de novembre de 2017 tots els alumnes de l&#8217;escola han desenvolupat activitats, dintre del projecte &#8220;Setmana de l&#8217;art&#8221;, relacionades amb l&#8217;\u00e0mbit creatiu, aquest curs hem triat: cultures d&#8217;altres continents com a focus d&#8217;inter\u00e8s.<br \/>\nCada cicle ha triat un, Educaci\u00f3 Infantil: \u00c0sia, Cicle&hellip;  <a href=\"https:\/\/agora.xtec.cat\/ceipgranullarius\/general\/setmana-de-lart\/\" title=\"Read Setmana de l&#8217;art\">Llegeix m\u00e9s\u00bb<\/a><\/p>\n","protected":false},"author":1,"featured_media":0,"comment_status":"closed","ping_status":"closed","sticky":false,"template":"","format":"standard","meta":{"_bbp_topic_count":0,"_bbp_reply_count":0,"_bbp_total_topic_count":0,"_bbp_total_reply_count":0,"_bbp_voice_count":0,"_bbp_anonymous_reply_count":0,"_bbp_topic_count_hidden":0,"_bbp_reply_count_hidden":0,"_bbp_forum_subforum_count":0,"footnotes":""},"categories":[2,1,4],"tags":[],"class_list":["post-536","post","type-post","status-publish","format-standard","hentry","category-educacio-infantil","category-general","category-portada"],"post_mailing_queue_ids":[],"_links":{"self":[{"href":"https:\/\/agora.xtec.cat\/ceipgranullarius\/wp-json\/wp\/v2\/posts\/536","targetHints":{"allow":["GET"]}}],"collection":[{"href":"https:\/\/agora.xtec.cat\/ceipgranullarius\/wp-json\/wp\/v2\/posts"}],"about":[{"href":"https:\/\/agora.xtec.cat\/ceipgranullarius\/wp-json\/wp\/v2\/types\/post"}],"author":[{"embeddable":true,"href":"https:\/\/agora.xtec.cat\/ceipgranullarius\/wp-json\/wp\/v2\/users\/1"}],"replies":[{"embeddable":true,"href":"https:\/\/agora.xtec.cat\/ceipgranullarius\/wp-json\/wp\/v2\/comments?post=536"}],"version-history":[{"count":3,"href":"https:\/\/agora.xtec.cat\/ceipgranullarius\/wp-json\/wp\/v2\/posts\/536\/revisions"}],"predecessor-version":[{"id":540,"href":"https:\/\/agora.xtec.cat\/ceipgranullarius\/wp-json\/wp\/v2\/posts\/536\/revisions\/540"}],"wp:attachment":[{"href":"https:\/\/agora.xtec.cat\/ceipgranullarius\/wp-json\/wp\/v2\/media?parent=536"}],"wp:term":[{"taxonomy":"category","embeddable":true,"href":"https:\/\/agora.xtec.cat\/ceipgranullarius\/wp-json\/wp\/v2\/categories?post=536"},{"taxonomy":"post_tag","embeddable":true,"href":"https:\/\/agora.xtec.cat\/ceipgranullarius\/wp-json\/wp\/v2\/tags?post=536"}],"curies":[{"name":"wp","href":"https:\/\/api.w.org\/{rel}","templated":true}]}}