{"id":497,"date":"2017-05-23T11:02:49","date_gmt":"2017-05-23T09:02:49","guid":{"rendered":"http:\/\/agora.xtec.cat\/ceipgranullarius\/?p=497"},"modified":"2017-06-13T14:07:04","modified_gmt":"2017-06-13T12:07:04","slug":"gravacio-a-radio-granollers","status":"publish","type":"post","link":"https:\/\/agora.xtec.cat\/ceipgranullarius\/general\/gravacio-a-radio-granollers\/","title":{"rendered":"Gravaci\u00f3 a R\u00e0dio Granollers"},"content":{"rendered":"<p>El dimecres 17 de maig, en el marc del Projecte Entorn R\u00e0dio impulsat pels Serveis d&#8217;Educaci\u00f3 de l&#8217;Ajuntament de Granollers, els alumnes de 5\u00e8 van anar a les instal.lacions de R\u00e0dio Granollers a gravar \u00a0un programa de r\u00e0dio que, pr\u00e8viament, havien elaborat a l&#8217;escola.<\/p>\n<p>Els temes tractats van ser molt variats i el resultat sincerament espectacular.<\/p>\n<p>Aqu\u00ed podeu veure l&#8217;<a href=\"https:\/\/youtu.be\/Atmcegppk_M\">\u00e0lbum de fotos<\/a>.<\/p>\n<p>Aqu\u00ed podeu <a href=\"http:\/\/www.gasl.cat\/files\/124-15233-clip\/Entorn_Radio_170520.mp3?download=1\">descarregar\u00a0el programa sencer<\/a>\u00a0per escoltar-lo<\/p>\n<p>Aqu\u00ed teniu els programes, gravats a l&#8217;escola, de 5\u00e8 A dels alumnes:<\/p>\n<ul>\n<li><a href=\"http:\/\/agora.xtec.cat\/ceipgranullarius\/wp-content\/uploads\/usu769\/2017\/05\/Alba-victor-adri\u00e0-i-mahamadou-FINAL.mp3\">Alba, Victor, Adri\u00e0 i Mahamadou<\/a>.<\/li>\n<li><a href=\"http:\/\/agora.xtec.cat\/ceipgranullarius\/wp-content\/uploads\/usu769\/2017\/05\/David-alvaro-i-arnau-FINAL.mp3\">David, \u00c1lvaro i Arnau<\/a>.<\/li>\n<li><a href=\"http:\/\/agora.xtec.cat\/ceipgranullarius\/wp-content\/uploads\/usu769\/2017\/05\/Gerard-oriol-cristina-i-anna-FINAL.mp3\">Gerard, Oriol, Cristina i Anna.<\/a><\/li>\n<li><a href=\"http:\/\/agora.xtec.cat\/ceipgranullarius\/wp-content\/uploads\/usu769\/2017\/05\/Nuria-julia-rodrigo-i-jordi-FINAL.mp3\">N\u00faria, J\u00falia, Rodrigo i Jordi.<\/a><\/li>\n<li><a href=\"http:\/\/agora.xtec.cat\/ceipgranullarius\/wp-content\/uploads\/usu769\/2017\/05\/Paula-abel-alaa-i-xavier-FINAL.mp3\">Paula, Abel, Alaa i Xavier.<\/a><\/li>\n<li><a href=\"http:\/\/agora.xtec.cat\/ceipgranullarius\/wp-content\/uploads\/usu769\/2017\/05\/Victor-ivan-i-diego-FINAL.mp3\">Victor, Ivan i Diego.<\/a><\/li>\n<\/ul>\n<p>Aqu\u00ed teniu els programes, gravats a l&#8217;escola, de 5\u00e8 B dels alumnes:<\/p>\n<ul>\n<li><a href=\"http:\/\/agora.xtec.cat\/ceipgranullarius\/wp-content\/uploads\/usu769\/2017\/05\/Daniela-N-Judit-i-Pere-FINAL.mp3\">Pere, Daniela N. i Judit.<\/a><\/li>\n<li><a href=\"http:\/\/agora.xtec.cat\/ceipgranullarius\/wp-content\/uploads\/usu769\/2017\/05\/Guillem-Ingril-i-Biel-FINAL.mp3\">Ingrid, Biel i Joel.<\/a><\/li>\n<li><a href=\"http:\/\/agora.xtec.cat\/ceipgranullarius\/wp-content\/uploads\/usu769\/2017\/05\/Jonay-hector-i-alex-FINAL.mp3\">Jonay, Hector i \u00c1lex.<\/a><\/li>\n<li><a href=\"http:\/\/agora.xtec.cat\/ceipgranullarius\/wp-content\/uploads\/usu769\/2017\/05\/Joel-arnau-i-alex-FINAL.mp3\">Joel, Arnau i \u00c0lex.<\/a><\/li>\n<li><a href=\"http:\/\/agora.xtec.cat\/ceipgranullarius\/wp-content\/uploads\/usu769\/2017\/05\/Jan-Nayade-i-Natalia-FINAL.mp3\">Jan, Nayade i Natalia.<\/a><\/li>\n<li><a href=\"http:\/\/agora.xtec.cat\/ceipgranullarius\/wp-content\/uploads\/usu769\/2017\/05\/Joan-Alejandro-i-Manuel-FINAL.mp3\">Joan, Alejandro i Manuel.<\/a><\/li>\n<\/ul>\n","protected":false},"excerpt":{"rendered":"<p>El dimecres 17 de maig, en el marc del Projecte Entorn R\u00e0dio impulsat pels Serveis d&#8217;Educaci\u00f3 de l&#8217;Ajuntament de Granollers, els alumnes de 5\u00e8 van anar a les instal.lacions de R\u00e0dio Granollers a gravar \u00a0un programa de r\u00e0dio que, pr\u00e8viament, havien elaborat a l&#8217;escola.<br \/>\nEls temes&hellip;  <a href=\"https:\/\/agora.xtec.cat\/ceipgranullarius\/general\/gravacio-a-radio-granollers\/\" title=\"Read Gravaci\u00f3 a R\u00e0dio Granollers\">Llegeix m\u00e9s\u00bb<\/a><\/p>\n","protected":false},"author":1,"featured_media":502,"comment_status":"open","ping_status":"closed","sticky":false,"template":"","format":"standard","meta":{"_bbp_topic_count":0,"_bbp_reply_count":0,"_bbp_total_topic_count":0,"_bbp_total_reply_count":0,"_bbp_voice_count":0,"_bbp_anonymous_reply_count":0,"_bbp_topic_count_hidden":0,"_bbp_reply_count_hidden":0,"_bbp_forum_subforum_count":0,"footnotes":""},"categories":[14,1,4],"tags":[],"class_list":["post-497","post","type-post","status-publish","format-standard","has-post-thumbnail","hentry","category-5e","category-general","category-portada"],"post_mailing_queue_ids":[],"_links":{"self":[{"href":"https:\/\/agora.xtec.cat\/ceipgranullarius\/wp-json\/wp\/v2\/posts\/497","targetHints":{"allow":["GET"]}}],"collection":[{"href":"https:\/\/agora.xtec.cat\/ceipgranullarius\/wp-json\/wp\/v2\/posts"}],"about":[{"href":"https:\/\/agora.xtec.cat\/ceipgranullarius\/wp-json\/wp\/v2\/types\/post"}],"author":[{"embeddable":true,"href":"https:\/\/agora.xtec.cat\/ceipgranullarius\/wp-json\/wp\/v2\/users\/1"}],"replies":[{"embeddable":true,"href":"https:\/\/agora.xtec.cat\/ceipgranullarius\/wp-json\/wp\/v2\/comments?post=497"}],"version-history":[{"count":3,"href":"https:\/\/agora.xtec.cat\/ceipgranullarius\/wp-json\/wp\/v2\/posts\/497\/revisions"}],"predecessor-version":[{"id":520,"href":"https:\/\/agora.xtec.cat\/ceipgranullarius\/wp-json\/wp\/v2\/posts\/497\/revisions\/520"}],"wp:featuredmedia":[{"embeddable":true,"href":"https:\/\/agora.xtec.cat\/ceipgranullarius\/wp-json\/wp\/v2\/media\/502"}],"wp:attachment":[{"href":"https:\/\/agora.xtec.cat\/ceipgranullarius\/wp-json\/wp\/v2\/media?parent=497"}],"wp:term":[{"taxonomy":"category","embeddable":true,"href":"https:\/\/agora.xtec.cat\/ceipgranullarius\/wp-json\/wp\/v2\/categories?post=497"},{"taxonomy":"post_tag","embeddable":true,"href":"https:\/\/agora.xtec.cat\/ceipgranullarius\/wp-json\/wp\/v2\/tags?post=497"}],"curies":[{"name":"wp","href":"https:\/\/api.w.org\/{rel}","templated":true}]}}