{"id":483,"date":"2017-04-06T15:56:50","date_gmt":"2017-04-06T13:56:50","guid":{"rendered":"http:\/\/agora.xtec.cat\/ceipgranullarius\/?p=483"},"modified":"2017-04-06T15:56:50","modified_gmt":"2017-04-06T13:56:50","slug":"dia-mundial-de-lactivitat-fisica","status":"publish","type":"post","link":"https:\/\/agora.xtec.cat\/ceipgranullarius\/general\/dia-mundial-de-lactivitat-fisica\/","title":{"rendered":"Dia Mundial de l&#8217;activitat f\u00edsica"},"content":{"rendered":"<p>El dia 6 d&#8217;abril hem celebrat el Dia Mundial de l&#8217;activitat f\u00edsica amb el lema &#8220;Gent activa, gent feli\u00e7&#8221;.<br \/>\nTot l&#8217;alumnat de Prim\u00e0ria hem fet una activitat conjunta que consistia en passar un cercle entre tots els nens\/es que estaven en rotllanes, el m\u00e9s r\u00e0pid possible.<\/p>\n<p style=\"text-align: center;\">Ha estat molt divertit !!!<\/p>\n<p style=\"text-align: center;\"><a href=\"https:\/\/goo.gl\/photos\/pxSMeV7ZsCTjov6L7\">Fes clic per veure l&#8217;\u00e0lbum<\/a>.<\/p>\n","protected":false},"excerpt":{"rendered":"<p>El dia 6 d&#8217;abril hem celebrat el Dia Mundial de l&#8217;activitat f\u00edsica amb el lema &#8220;Gent activa, gent feli\u00e7&#8221;.<br \/>\nTot l&#8217;alumnat de Prim\u00e0ria hem fet una activitat conjunta que consistia en passar un cercle entre tots els nens\/es que estaven en rotllanes, el m\u00e9s r\u00e0pid possible.<br \/>\nHa&hellip;  <a href=\"https:\/\/agora.xtec.cat\/ceipgranullarius\/general\/dia-mundial-de-lactivitat-fisica\/\" title=\"Read Dia Mundial de l&#8217;activitat f\u00edsica\">Llegeix m\u00e9s\u00bb<\/a><\/p>\n","protected":false},"author":1,"featured_media":0,"comment_status":"open","ping_status":"open","sticky":false,"template":"","format":"standard","meta":{"_bbp_topic_count":0,"_bbp_reply_count":0,"_bbp_total_topic_count":0,"_bbp_total_reply_count":0,"_bbp_voice_count":0,"_bbp_anonymous_reply_count":0,"_bbp_topic_count_hidden":0,"_bbp_reply_count_hidden":0,"_bbp_forum_subforum_count":0,"footnotes":""},"categories":[1,4],"tags":[],"class_list":["post-483","post","type-post","status-publish","format-standard","hentry","category-general","category-portada"],"post_mailing_queue_ids":[],"_links":{"self":[{"href":"https:\/\/agora.xtec.cat\/ceipgranullarius\/wp-json\/wp\/v2\/posts\/483","targetHints":{"allow":["GET"]}}],"collection":[{"href":"https:\/\/agora.xtec.cat\/ceipgranullarius\/wp-json\/wp\/v2\/posts"}],"about":[{"href":"https:\/\/agora.xtec.cat\/ceipgranullarius\/wp-json\/wp\/v2\/types\/post"}],"author":[{"embeddable":true,"href":"https:\/\/agora.xtec.cat\/ceipgranullarius\/wp-json\/wp\/v2\/users\/1"}],"replies":[{"embeddable":true,"href":"https:\/\/agora.xtec.cat\/ceipgranullarius\/wp-json\/wp\/v2\/comments?post=483"}],"version-history":[{"count":3,"href":"https:\/\/agora.xtec.cat\/ceipgranullarius\/wp-json\/wp\/v2\/posts\/483\/revisions"}],"predecessor-version":[{"id":486,"href":"https:\/\/agora.xtec.cat\/ceipgranullarius\/wp-json\/wp\/v2\/posts\/483\/revisions\/486"}],"wp:attachment":[{"href":"https:\/\/agora.xtec.cat\/ceipgranullarius\/wp-json\/wp\/v2\/media?parent=483"}],"wp:term":[{"taxonomy":"category","embeddable":true,"href":"https:\/\/agora.xtec.cat\/ceipgranullarius\/wp-json\/wp\/v2\/categories?post=483"},{"taxonomy":"post_tag","embeddable":true,"href":"https:\/\/agora.xtec.cat\/ceipgranullarius\/wp-json\/wp\/v2\/tags?post=483"}],"curies":[{"name":"wp","href":"https:\/\/api.w.org\/{rel}","templated":true}]}}