{"id":476,"date":"2017-04-05T13:24:51","date_gmt":"2017-04-05T11:24:51","guid":{"rendered":"http:\/\/agora.xtec.cat\/ceipgranullarius\/?p=476"},"modified":"2017-04-05T13:24:51","modified_gmt":"2017-04-05T11:24:51","slug":"cros-anna-mogas","status":"publish","type":"post","link":"https:\/\/agora.xtec.cat\/ceipgranullarius\/general\/cros-anna-mogas\/","title":{"rendered":"CROS ANNA MOGAS"},"content":{"rendered":"<div>Alumnes de primer fins a 5\u00e8 de Prim\u00e0ria varen participar en la 38 ena edici\u00f3 del Cros Anna Mogas, portat a terme el diumenge dia 2 d&#8217;abril.<\/div>\n<div><\/div>\n<div>Excel\u00b7lent la cursa que varen fer alguns d&#8217; aquests nens i nenes, classificant-se en els primers llocs de la seva categoria .<\/div>\n<p>&nbsp;<\/p>\n<div><strong>CATEGORIA PREBENJAM\u00cd FEMEN\u00cd<\/strong><\/div>\n<div>1a Classificada : Anna Cabrera<\/div>\n<div>2a Classificada: Laia Escot\u00e9<\/div>\n<p>&nbsp;<\/p>\n<div><strong>CATEGORIA BENJAM\u00cd FEMEN\u00cd<\/strong><\/div>\n<div>5ena Classificada: Nayara Danieluk<\/div>\n<p>&nbsp;<\/p>\n<div><strong>CATEGORIA ALEV\u00cd MASCUL\u00cd<\/strong><\/div>\n<div><\/div>\n<div>2n Classificicat: \u00c1lvaro L\u00f3pez<\/div>\n<div><\/div>\n<div>14\u00e8 classificat: Abel Romero<\/div>\n<div><\/div>\n<p>&nbsp;<\/p>\n<div><strong>CATEGORIA ALEV\u00cd FEMEN\u00cd<\/strong><\/div>\n<div><\/div>\n<div>10 ena Classificada_ Ariadna Lazzaro<\/div>\n<p>&nbsp;<\/p>\n<div>MOLT\u00cdSSIMES FELICITATS a tots i totes els \u00a0que vareu \u00a0participar i especialment als guanyadors\/es. !!!<\/div>\n<p><\/br><\/p>\n<p style=\"text-align: center;\"><a href=\"https:\/\/goo.gl\/photos\/sMKE7E6biPgi2rmV8\">Fes clic per veure l&#8217;\u00e0lbum<\/a><\/p>\n","protected":false},"excerpt":{"rendered":"<p>Alumnes de primer fins a 5\u00e8 de Prim\u00e0ria varen participar en la 38 ena edici\u00f3 del Cros Anna Mogas, portat a terme el diumenge dia 2 d&#8217;abril.<\/p>\n<p>Excel\u00b7lent la cursa que varen fer alguns d&#8217; aquests nens i nenes, classificant-se en els primers llocs de la&hellip;  <a href=\"https:\/\/agora.xtec.cat\/ceipgranullarius\/general\/cros-anna-mogas\/\" title=\"Read CROS ANNA MOGAS\">Llegeix m\u00e9s\u00bb<\/a><\/p>\n","protected":false},"author":1,"featured_media":0,"comment_status":"open","ping_status":"open","sticky":false,"template":"","format":"standard","meta":{"_bbp_topic_count":0,"_bbp_reply_count":0,"_bbp_total_topic_count":0,"_bbp_total_reply_count":0,"_bbp_voice_count":0,"_bbp_anonymous_reply_count":0,"_bbp_topic_count_hidden":0,"_bbp_reply_count_hidden":0,"_bbp_forum_subforum_count":0,"footnotes":""},"categories":[10,11,12,13,14,15,1,4],"tags":[],"class_list":["post-476","post","type-post","status-publish","format-standard","hentry","category-1r","category-2n","category-3r","category-4t","category-5e","category-6e","category-general","category-portada"],"post_mailing_queue_ids":[],"_links":{"self":[{"href":"https:\/\/agora.xtec.cat\/ceipgranullarius\/wp-json\/wp\/v2\/posts\/476","targetHints":{"allow":["GET"]}}],"collection":[{"href":"https:\/\/agora.xtec.cat\/ceipgranullarius\/wp-json\/wp\/v2\/posts"}],"about":[{"href":"https:\/\/agora.xtec.cat\/ceipgranullarius\/wp-json\/wp\/v2\/types\/post"}],"author":[{"embeddable":true,"href":"https:\/\/agora.xtec.cat\/ceipgranullarius\/wp-json\/wp\/v2\/users\/1"}],"replies":[{"embeddable":true,"href":"https:\/\/agora.xtec.cat\/ceipgranullarius\/wp-json\/wp\/v2\/comments?post=476"}],"version-history":[{"count":4,"href":"https:\/\/agora.xtec.cat\/ceipgranullarius\/wp-json\/wp\/v2\/posts\/476\/revisions"}],"predecessor-version":[{"id":482,"href":"https:\/\/agora.xtec.cat\/ceipgranullarius\/wp-json\/wp\/v2\/posts\/476\/revisions\/482"}],"wp:attachment":[{"href":"https:\/\/agora.xtec.cat\/ceipgranullarius\/wp-json\/wp\/v2\/media?parent=476"}],"wp:term":[{"taxonomy":"category","embeddable":true,"href":"https:\/\/agora.xtec.cat\/ceipgranullarius\/wp-json\/wp\/v2\/categories?post=476"},{"taxonomy":"post_tag","embeddable":true,"href":"https:\/\/agora.xtec.cat\/ceipgranullarius\/wp-json\/wp\/v2\/tags?post=476"}],"curies":[{"name":"wp","href":"https:\/\/api.w.org\/{rel}","templated":true}]}}