{"id":472,"date":"2017-03-16T16:15:19","date_gmt":"2017-03-16T15:15:19","guid":{"rendered":"http:\/\/agora.xtec.cat\/ceipgranullarius\/?p=472"},"modified":"2017-03-16T16:15:19","modified_gmt":"2017-03-16T15:15:19","slug":"3r-sortida-cim-daligues","status":"publish","type":"post","link":"https:\/\/agora.xtec.cat\/ceipgranullarius\/general\/3r-sortida-cim-daligues\/","title":{"rendered":"3r Sortida &#8220;Cim d&#8217;\u00e0ligues&#8221;"},"content":{"rendered":"<p>El dimarts 14 de febrer vam anar de visita al Cim d&#8217;\u00c0ligues, a Sant Feliu de Codines. Vam sortir de l&#8217;Escola a les 9:30h. A l&#8217;autocar no par\u00e0vem de cantar: &#8220;Una sardina, dos sardinas&#8230;&#8221;<\/p>\n<p>Quan vam arribar, ens van venir a recollir dues monitores. Vam esmorzar i jugar una mica. Hi havia ocells engabiats que vam estar mirant. Despr\u00e9s ens van explicar que el Cim d&#8217;\u00c0ligues \u00e9s un centre especialitzat en aus rapinyaires i que hi ha un centenar d&#8217;aus.<\/p>\n<p>Despr\u00e9s, vam anar a un bosc que hi ha cartells i ens van ensenyar quins animals hi viuen, com el colibr\u00ed.<\/p>\n<p>Vam anar a veure les g\u00e0bies. Hi ha les aus di\u00fcrnes i nocturnes. Tamb\u00e9 vam veure com menjaven alguns animals com el xoriguer&#8230;vam veure \u00e0ligues, voltors, el secretari&#8230;<\/p>\n<p>Despr\u00e9s vam anar a la sessi\u00f3 de vol! Van volar \u00e0ligues, falcons, l&#8217;\u00f2liba, el gran Duc, el secretari. Els donaven menjar i anaven d&#8217;un costat a l&#8217;altre.<\/p>\n<p>Vam dinar i quan vam acabar vam jugar.<\/p>\n<p>Despr\u00e9s de dinar vam fer una gimcana. Va ser molt divertida! Hi havia uns capitans. \u00c9rem diferents equips: les \u00e0ligues, els ducs, mussols&#8230; Vam fer cinc proves. Algunes de les preguntes eren dif\u00edcils&#8230; van guanyar els ducs.<\/p>\n<p>Anar al Cim d&#8217;\u00c0ligues ens va agradar molt!<\/p>\n<p>Nens\u00a0 i nenes de tercer A i tercer B.<\/p>\n<p>Curs 2016-2017<\/p>\n<p style=\"text-align: center;\"><a href=\"https:\/\/goo.gl\/photos\/9SeN7Ek4pLCRYkhg9\">\u00c0lbum de fotos.<\/a><\/p>\n","protected":false},"excerpt":{"rendered":"<p>El dimarts 14 de febrer vam anar de visita al Cim d&#8217;\u00c0ligues, a Sant Feliu de Codines. Vam sortir de l&#8217;Escola a les 9:30h. A l&#8217;autocar no par\u00e0vem de cantar: &#8220;Una sardina, dos sardinas&#8230;&#8221;<br \/>\nQuan vam arribar, ens van venir a recollir dues monitores. Vam esmorzar&hellip;  <a href=\"https:\/\/agora.xtec.cat\/ceipgranullarius\/general\/3r-sortida-cim-daligues\/\" title=\"Read 3r Sortida &#8220;Cim d&#8217;\u00e0ligues&#8221;\">Llegeix m\u00e9s\u00bb<\/a><\/p>\n","protected":false},"author":1,"featured_media":0,"comment_status":"open","ping_status":"open","sticky":false,"template":"","format":"standard","meta":{"_bbp_topic_count":0,"_bbp_reply_count":0,"_bbp_total_topic_count":0,"_bbp_total_reply_count":0,"_bbp_voice_count":0,"_bbp_anonymous_reply_count":0,"_bbp_topic_count_hidden":0,"_bbp_reply_count_hidden":0,"_bbp_forum_subforum_count":0,"footnotes":""},"categories":[12,1,4],"tags":[],"class_list":["post-472","post","type-post","status-publish","format-standard","hentry","category-3r","category-general","category-portada"],"post_mailing_queue_ids":[],"_links":{"self":[{"href":"https:\/\/agora.xtec.cat\/ceipgranullarius\/wp-json\/wp\/v2\/posts\/472","targetHints":{"allow":["GET"]}}],"collection":[{"href":"https:\/\/agora.xtec.cat\/ceipgranullarius\/wp-json\/wp\/v2\/posts"}],"about":[{"href":"https:\/\/agora.xtec.cat\/ceipgranullarius\/wp-json\/wp\/v2\/types\/post"}],"author":[{"embeddable":true,"href":"https:\/\/agora.xtec.cat\/ceipgranullarius\/wp-json\/wp\/v2\/users\/1"}],"replies":[{"embeddable":true,"href":"https:\/\/agora.xtec.cat\/ceipgranullarius\/wp-json\/wp\/v2\/comments?post=472"}],"version-history":[{"count":1,"href":"https:\/\/agora.xtec.cat\/ceipgranullarius\/wp-json\/wp\/v2\/posts\/472\/revisions"}],"predecessor-version":[{"id":473,"href":"https:\/\/agora.xtec.cat\/ceipgranullarius\/wp-json\/wp\/v2\/posts\/472\/revisions\/473"}],"wp:attachment":[{"href":"https:\/\/agora.xtec.cat\/ceipgranullarius\/wp-json\/wp\/v2\/media?parent=472"}],"wp:term":[{"taxonomy":"category","embeddable":true,"href":"https:\/\/agora.xtec.cat\/ceipgranullarius\/wp-json\/wp\/v2\/categories?post=472"},{"taxonomy":"post_tag","embeddable":true,"href":"https:\/\/agora.xtec.cat\/ceipgranullarius\/wp-json\/wp\/v2\/tags?post=472"}],"curies":[{"name":"wp","href":"https:\/\/api.w.org\/{rel}","templated":true}]}}