{"id":4694,"date":"2026-02-09T13:37:55","date_gmt":"2026-02-09T12:37:55","guid":{"rendered":"https:\/\/agora.xtec.cat\/ceipgranullarius\/?p=4694"},"modified":"2026-02-09T13:46:39","modified_gmt":"2026-02-09T12:46:39","slug":"la-concepcio-derasmus-a-oulu","status":"publish","type":"post","link":"https:\/\/agora.xtec.cat\/ceipgranullarius\/general\/la-concepcio-derasmus-a-oulu\/","title":{"rendered":"La Concepci\u00f3 d&#8217;Erasmus a Oulu!"},"content":{"rendered":"<p><img loading=\"lazy\" decoding=\"async\" class=\"aligncenter size-large wp-image-4695\" src=\"https:\/\/agora.xtec.cat\/ceipgranullarius\/wp-content\/uploads\/usu769\/2026\/02\/IMG-20260208-WA0160-1-1-992x1024.jpg\" alt=\"\" width=\"992\" height=\"1024\" srcset=\"https:\/\/agora.xtec.cat\/ceipgranullarius\/wp-content\/uploads\/usu769\/2026\/02\/IMG-20260208-WA0160-1-1-992x1024.jpg 992w, https:\/\/agora.xtec.cat\/ceipgranullarius\/wp-content\/uploads\/usu769\/2026\/02\/IMG-20260208-WA0160-1-1-291x300.jpg 291w, https:\/\/agora.xtec.cat\/ceipgranullarius\/wp-content\/uploads\/usu769\/2026\/02\/IMG-20260208-WA0160-1-1-768x793.jpg 768w, https:\/\/agora.xtec.cat\/ceipgranullarius\/wp-content\/uploads\/usu769\/2026\/02\/IMG-20260208-WA0160-1-1-1488x1536.jpg 1488w, https:\/\/agora.xtec.cat\/ceipgranullarius\/wp-content\/uploads\/usu769\/2026\/02\/IMG-20260208-WA0160-1-1-1984x2048.jpg 1984w\" sizes=\"auto, (max-width: 992px) 100vw, 992px\" \/><\/p>\n<p>&nbsp;<\/p>\n<p>La Concepci\u00f3, mestra d&#8217;angl\u00e8s del Cicle Superior, ha marxat d&#8217;Erasmus a Oulu, Finl\u00e0ndia, per a fer un curs d&#8217;STEAM durant tota la setmana.<\/p>\n<p>Seguiu la seva aventura al <a href=\"https:\/\/sites.google.com\/xtec.cat\/granullariusalasvo\/not%C3%ADcies-25-26\/oulu-finl%C3%A0ndia?authuser=0\">Sites Erasmus de l&#8217;escola<\/a>!<\/p>\n","protected":false},"excerpt":{"rendered":"<p>&nbsp;<br \/>\nLa Concepci\u00f3, mestra d&#8217;angl\u00e8s del Cicle Superior, ha marxat d&#8217;Erasmus a Oulu, Finl\u00e0ndia, per a fer un curs d&#8217;STEAM durant tota la setmana.<br \/>\nSeguiu la seva aventura al <a href=\"https:\/\/sites.google.com\/xtec.cat\/granullariusalasvo\/not%C3%ADcies-25-26\/oulu-finl%C3%A0ndia?authuser=0\">Sites Erasmus de l&#8217;escola<\/a>!<\/p>\n","protected":false},"author":1,"featured_media":0,"comment_status":"open","ping_status":"open","sticky":false,"template":"","format":"standard","meta":{"_bbp_topic_count":0,"_bbp_reply_count":0,"_bbp_total_topic_count":0,"_bbp_total_reply_count":0,"_bbp_voice_count":0,"_bbp_anonymous_reply_count":0,"_bbp_topic_count_hidden":0,"_bbp_reply_count_hidden":0,"_bbp_forum_subforum_count":0,"footnotes":""},"categories":[50,63,66,51,1,46,65,4,53],"tags":[],"class_list":["post-4694","post","type-post","status-publish","format-standard","hentry","category-cicle-superior","category-educacio-primaria","category-erasmus","category-escola","category-general","category-som-escola-gep","category-internacionalitzacio-del-centre","category-portada","category-projectes"],"post_mailing_queue_ids":[],"_links":{"self":[{"href":"https:\/\/agora.xtec.cat\/ceipgranullarius\/wp-json\/wp\/v2\/posts\/4694","targetHints":{"allow":["GET"]}}],"collection":[{"href":"https:\/\/agora.xtec.cat\/ceipgranullarius\/wp-json\/wp\/v2\/posts"}],"about":[{"href":"https:\/\/agora.xtec.cat\/ceipgranullarius\/wp-json\/wp\/v2\/types\/post"}],"author":[{"embeddable":true,"href":"https:\/\/agora.xtec.cat\/ceipgranullarius\/wp-json\/wp\/v2\/users\/1"}],"replies":[{"embeddable":true,"href":"https:\/\/agora.xtec.cat\/ceipgranullarius\/wp-json\/wp\/v2\/comments?post=4694"}],"version-history":[{"count":2,"href":"https:\/\/agora.xtec.cat\/ceipgranullarius\/wp-json\/wp\/v2\/posts\/4694\/revisions"}],"predecessor-version":[{"id":4697,"href":"https:\/\/agora.xtec.cat\/ceipgranullarius\/wp-json\/wp\/v2\/posts\/4694\/revisions\/4697"}],"wp:attachment":[{"href":"https:\/\/agora.xtec.cat\/ceipgranullarius\/wp-json\/wp\/v2\/media?parent=4694"}],"wp:term":[{"taxonomy":"category","embeddable":true,"href":"https:\/\/agora.xtec.cat\/ceipgranullarius\/wp-json\/wp\/v2\/categories?post=4694"},{"taxonomy":"post_tag","embeddable":true,"href":"https:\/\/agora.xtec.cat\/ceipgranullarius\/wp-json\/wp\/v2\/tags?post=4694"}],"curies":[{"name":"wp","href":"https:\/\/api.w.org\/{rel}","templated":true}]}}