{"id":4667,"date":"2025-12-12T16:29:59","date_gmt":"2025-12-12T15:29:59","guid":{"rendered":"https:\/\/agora.xtec.cat\/ceipgranullarius\/?p=4667"},"modified":"2025-12-12T16:29:59","modified_gmt":"2025-12-12T15:29:59","slug":"2n-sortida-can-sala","status":"publish","type":"post","link":"https:\/\/agora.xtec.cat\/ceipgranullarius\/general\/2n-sortida-can-sala\/","title":{"rendered":"2n &#8211; Sortida Can Sala"},"content":{"rendered":"<p><img loading=\"lazy\" decoding=\"async\" class=\"aligncenter size-large wp-image-4669\" src=\"https:\/\/agora.xtec.cat\/ceipgranullarius\/wp-content\/uploads\/usu769\/2025\/12\/Portada-1-1-1024x768.jpg\" alt=\"\" width=\"1024\" height=\"768\" srcset=\"https:\/\/agora.xtec.cat\/ceipgranullarius\/wp-content\/uploads\/usu769\/2025\/12\/Portada-1-1-1024x768.jpg 1024w, https:\/\/agora.xtec.cat\/ceipgranullarius\/wp-content\/uploads\/usu769\/2025\/12\/Portada-1-1-300x225.jpg 300w, https:\/\/agora.xtec.cat\/ceipgranullarius\/wp-content\/uploads\/usu769\/2025\/12\/Portada-1-1-768x576.jpg 768w, https:\/\/agora.xtec.cat\/ceipgranullarius\/wp-content\/uploads\/usu769\/2025\/12\/Portada-1-1-1536x1152.jpg 1536w, https:\/\/agora.xtec.cat\/ceipgranullarius\/wp-content\/uploads\/usu769\/2025\/12\/Portada-1-1-2048x1536.jpg 2048w, https:\/\/agora.xtec.cat\/ceipgranullarius\/wp-content\/uploads\/usu769\/2025\/12\/Portada-1-1-200x150.jpg 200w\" sizes=\"auto, (max-width: 1024px) 100vw, 1024px\" \/><\/p>\n<p><span style=\"font-weight: 400;\">El passat divendres 7 de novembre, els nens i nenes de 2n de les classes de la Guspira i la Mulassa vam gaudir d\u2019una fant\u00e0stica excursi\u00f3 a la granja de Can Sala, a Montorn\u00e8s del Vall\u00e8s.<\/span><\/p>\n<p><span style=\"font-weight: 400;\">All\u00e0 vam descobrir com ha anat canviant la feina al camp al llarg del temps. Ens va encantar situar els objectes en una l\u00ednia del temps i observar com han evolucionat les eines i els oficis amb el pas dels anys.<\/span><\/p>\n<p><span style=\"font-weight: 400;\">Despr\u00e9s, vam anar al bosc, on vam construir cabanes com feien els antics n\u00f2mades. Va ser una activitat molt divertida que ens va permetre aprendre, treballar en equip i gaudir de la natura.<\/span><\/p>\n<p><span style=\"font-weight: 400;\">A la granja tamb\u00e9 vam con\u00e8ixer com conviuen els animals i vam poder aprendre a munyir amb una vaca simulada, donar-los menjar i cuidar-los. Ens va emocionar molt poder estar tan a prop dels animals i comprendre la import\u00e0ncia de tenir-ne cura amb respecte i responsabilitat.<\/span><\/p>\n<p><span style=\"font-weight: 400;\">Va ser una jornada plena d\u2019aprenentatges, aventures i moments per recordar.<\/span><span style=\"font-weight: 400;\"><br \/>\n<\/span><span style=\"font-weight: 400;\">Us convidem a veure les fotos de la sortida i reviure amb nosaltres aquesta gran experi\u00e8ncia!<\/span><\/p>\n<p><a href=\"https:\/\/photos.app.goo.gl\/czaqPvJm95CR9Nz79\">Fotos<\/a><\/p>\n","protected":false},"excerpt":{"rendered":"<p>El passat divendres 7 de novembre, els nens i nenes de 2n de les classes de la Guspira i la Mulassa vam gaudir d\u2019una fant\u00e0stica excursi\u00f3 a la granja de Can Sala, a Montorn\u00e8s del Vall\u00e8s.<br \/>\nAll\u00e0 vam descobrir com ha anat canviant la feina al&hellip;  <a href=\"https:\/\/agora.xtec.cat\/ceipgranullarius\/general\/2n-sortida-can-sala\/\" title=\"Read 2n &#8211; Sortida Can Sala\">Llegeix m\u00e9s\u00bb<\/a><\/p>\n","protected":false},"author":1,"featured_media":0,"comment_status":"open","ping_status":"open","sticky":false,"template":"","format":"standard","meta":{"_bbp_topic_count":0,"_bbp_reply_count":0,"_bbp_total_topic_count":0,"_bbp_total_reply_count":0,"_bbp_voice_count":0,"_bbp_anonymous_reply_count":0,"_bbp_topic_count_hidden":0,"_bbp_reply_count_hidden":0,"_bbp_forum_subforum_count":0,"footnotes":""},"categories":[11,62,63,51,1,4],"tags":[],"class_list":["post-4667","post","type-post","status-publish","format-standard","hentry","category-2n","category-cicle-inicial","category-educacio-primaria","category-escola","category-general","category-portada"],"post_mailing_queue_ids":[],"_links":{"self":[{"href":"https:\/\/agora.xtec.cat\/ceipgranullarius\/wp-json\/wp\/v2\/posts\/4667","targetHints":{"allow":["GET"]}}],"collection":[{"href":"https:\/\/agora.xtec.cat\/ceipgranullarius\/wp-json\/wp\/v2\/posts"}],"about":[{"href":"https:\/\/agora.xtec.cat\/ceipgranullarius\/wp-json\/wp\/v2\/types\/post"}],"author":[{"embeddable":true,"href":"https:\/\/agora.xtec.cat\/ceipgranullarius\/wp-json\/wp\/v2\/users\/1"}],"replies":[{"embeddable":true,"href":"https:\/\/agora.xtec.cat\/ceipgranullarius\/wp-json\/wp\/v2\/comments?post=4667"}],"version-history":[{"count":1,"href":"https:\/\/agora.xtec.cat\/ceipgranullarius\/wp-json\/wp\/v2\/posts\/4667\/revisions"}],"predecessor-version":[{"id":4670,"href":"https:\/\/agora.xtec.cat\/ceipgranullarius\/wp-json\/wp\/v2\/posts\/4667\/revisions\/4670"}],"wp:attachment":[{"href":"https:\/\/agora.xtec.cat\/ceipgranullarius\/wp-json\/wp\/v2\/media?parent=4667"}],"wp:term":[{"taxonomy":"category","embeddable":true,"href":"https:\/\/agora.xtec.cat\/ceipgranullarius\/wp-json\/wp\/v2\/categories?post=4667"},{"taxonomy":"post_tag","embeddable":true,"href":"https:\/\/agora.xtec.cat\/ceipgranullarius\/wp-json\/wp\/v2\/tags?post=4667"}],"curies":[{"name":"wp","href":"https:\/\/api.w.org\/{rel}","templated":true}]}}