{"id":4659,"date":"2025-11-14T16:06:44","date_gmt":"2025-11-14T15:06:44","guid":{"rendered":"https:\/\/agora.xtec.cat\/ceipgranullarius\/?p=4659"},"modified":"2025-11-14T16:06:44","modified_gmt":"2025-11-14T15:06:44","slug":"3r-sortida-a-les-coves-del-toll","status":"publish","type":"post","link":"https:\/\/agora.xtec.cat\/ceipgranullarius\/general\/3r-sortida-a-les-coves-del-toll\/","title":{"rendered":"3r &#8211; Sortida a les Coves del Toll"},"content":{"rendered":"<p><img loading=\"lazy\" decoding=\"async\" class=\"aligncenter size-large wp-image-4660\" src=\"https:\/\/agora.xtec.cat\/ceipgranullarius\/wp-content\/uploads\/usu769\/2025\/11\/PORTADA-1-1024x768.jpg\" alt=\"\" width=\"1024\" height=\"768\" srcset=\"https:\/\/agora.xtec.cat\/ceipgranullarius\/wp-content\/uploads\/usu769\/2025\/11\/PORTADA-1-1024x768.jpg 1024w, https:\/\/agora.xtec.cat\/ceipgranullarius\/wp-content\/uploads\/usu769\/2025\/11\/PORTADA-1-300x225.jpg 300w, https:\/\/agora.xtec.cat\/ceipgranullarius\/wp-content\/uploads\/usu769\/2025\/11\/PORTADA-1-768x576.jpg 768w, https:\/\/agora.xtec.cat\/ceipgranullarius\/wp-content\/uploads\/usu769\/2025\/11\/PORTADA-1-1536x1152.jpg 1536w, https:\/\/agora.xtec.cat\/ceipgranullarius\/wp-content\/uploads\/usu769\/2025\/11\/PORTADA-1-2048x1536.jpg 2048w, https:\/\/agora.xtec.cat\/ceipgranullarius\/wp-content\/uploads\/usu769\/2025\/11\/PORTADA-1-200x150.jpg 200w\" sizes=\"auto, (max-width: 1024px) 100vw, 1024px\" \/><\/p>\n<p><span style=\"font-weight: 400;\">El passat dimecres 22 d\u2019octubre els alumnes de 3r van anar a visitar les Coves del Toll a Moi\u00e0.<\/span><\/p>\n<p><span style=\"font-weight: 400;\">Els alumnes van poder visitar una de les coves m\u00e9s grans i tamb\u00e9 diferents reproduccions de cabanes constru\u00efdes com les feien els antics prehist\u00f2rics. A dins de cada cabana, hi havia diverses reproduccions d\u2019elements t\u00edpics d&#8217;aquella \u00e8poca.\u00a0<\/span><\/p>\n<p><span style=\"font-weight: 400;\">A m\u00e9s, van poder fer un taller on havien de decorar i pintar un brunzidor amb els colors que feien servir els prehist\u00f2rics. Finalment, van anar a dinar i a jugar a una esplanada dins el recinte on hi havia reproduccions de m\u00e9s cabanes (tipis)\u00a0 amb objectes d\u2019aquella \u00e8poca per poder-hi\u00a0 jugar. <\/span><\/p>\n<p><a href=\"https:\/\/photos.app.goo.gl\/JnLMyqjbmhdymE1N8\">Fotos<\/a><\/p>\n","protected":false},"excerpt":{"rendered":"<p>El passat dimecres 22 d\u2019octubre els alumnes de 3r van anar a visitar les Coves del Toll a Moi\u00e0.<br \/>\nEls alumnes van poder visitar una de les coves m\u00e9s grans i tamb\u00e9 diferents reproduccions de cabanes constru\u00efdes com les feien els antics prehist\u00f2rics. A dins de&hellip;  <a href=\"https:\/\/agora.xtec.cat\/ceipgranullarius\/general\/3r-sortida-a-les-coves-del-toll\/\" title=\"Read 3r &#8211; Sortida a les Coves del Toll\">Llegeix m\u00e9s\u00bb<\/a><\/p>\n","protected":false},"author":1,"featured_media":0,"comment_status":"open","ping_status":"open","sticky":false,"template":"","format":"standard","meta":{"_bbp_topic_count":0,"_bbp_reply_count":0,"_bbp_total_topic_count":0,"_bbp_total_reply_count":0,"_bbp_voice_count":0,"_bbp_anonymous_reply_count":0,"_bbp_topic_count_hidden":0,"_bbp_reply_count_hidden":0,"_bbp_forum_subforum_count":0,"footnotes":""},"categories":[12,49,63,51,1,4],"tags":[],"class_list":["post-4659","post","type-post","status-publish","format-standard","hentry","category-3r","category-cicle-mitja","category-educacio-primaria","category-escola","category-general","category-portada"],"post_mailing_queue_ids":[],"_links":{"self":[{"href":"https:\/\/agora.xtec.cat\/ceipgranullarius\/wp-json\/wp\/v2\/posts\/4659","targetHints":{"allow":["GET"]}}],"collection":[{"href":"https:\/\/agora.xtec.cat\/ceipgranullarius\/wp-json\/wp\/v2\/posts"}],"about":[{"href":"https:\/\/agora.xtec.cat\/ceipgranullarius\/wp-json\/wp\/v2\/types\/post"}],"author":[{"embeddable":true,"href":"https:\/\/agora.xtec.cat\/ceipgranullarius\/wp-json\/wp\/v2\/users\/1"}],"replies":[{"embeddable":true,"href":"https:\/\/agora.xtec.cat\/ceipgranullarius\/wp-json\/wp\/v2\/comments?post=4659"}],"version-history":[{"count":1,"href":"https:\/\/agora.xtec.cat\/ceipgranullarius\/wp-json\/wp\/v2\/posts\/4659\/revisions"}],"predecessor-version":[{"id":4661,"href":"https:\/\/agora.xtec.cat\/ceipgranullarius\/wp-json\/wp\/v2\/posts\/4659\/revisions\/4661"}],"wp:attachment":[{"href":"https:\/\/agora.xtec.cat\/ceipgranullarius\/wp-json\/wp\/v2\/media?parent=4659"}],"wp:term":[{"taxonomy":"category","embeddable":true,"href":"https:\/\/agora.xtec.cat\/ceipgranullarius\/wp-json\/wp\/v2\/categories?post=4659"},{"taxonomy":"post_tag","embeddable":true,"href":"https:\/\/agora.xtec.cat\/ceipgranullarius\/wp-json\/wp\/v2\/tags?post=4659"}],"curies":[{"name":"wp","href":"https:\/\/api.w.org\/{rel}","templated":true}]}}