{"id":4655,"date":"2025-11-14T16:01:44","date_gmt":"2025-11-14T15:01:44","guid":{"rendered":"https:\/\/agora.xtec.cat\/ceipgranullarius\/?p=4655"},"modified":"2025-11-14T16:01:44","modified_gmt":"2025-11-14T15:01:44","slug":"1r-sortida-a-la-granja-aventura-parc","status":"publish","type":"post","link":"https:\/\/agora.xtec.cat\/ceipgranullarius\/general\/1r-sortida-a-la-granja-aventura-parc\/","title":{"rendered":"1r &#8211; Sortida a la Granja Aventura Parc"},"content":{"rendered":"<p><img loading=\"lazy\" decoding=\"async\" class=\"aligncenter size-large wp-image-4656\" src=\"https:\/\/agora.xtec.cat\/ceipgranullarius\/wp-content\/uploads\/usu769\/2025\/11\/2.-Portada-1-1024x771.jpg\" alt=\"\" width=\"1024\" height=\"771\" srcset=\"https:\/\/agora.xtec.cat\/ceipgranullarius\/wp-content\/uploads\/usu769\/2025\/11\/2.-Portada-1-1024x771.jpg 1024w, https:\/\/agora.xtec.cat\/ceipgranullarius\/wp-content\/uploads\/usu769\/2025\/11\/2.-Portada-1-300x226.jpg 300w, https:\/\/agora.xtec.cat\/ceipgranullarius\/wp-content\/uploads\/usu769\/2025\/11\/2.-Portada-1-768x578.jpg 768w, https:\/\/agora.xtec.cat\/ceipgranullarius\/wp-content\/uploads\/usu769\/2025\/11\/2.-Portada-1-1536x1157.jpg 1536w, https:\/\/agora.xtec.cat\/ceipgranullarius\/wp-content\/uploads\/usu769\/2025\/11\/2.-Portada-1-2048x1542.jpg 2048w, https:\/\/agora.xtec.cat\/ceipgranullarius\/wp-content\/uploads\/usu769\/2025\/11\/2.-Portada-1-200x150.jpg 200w\" sizes=\"auto, (max-width: 1024px) 100vw, 1024px\" \/><\/p>\n<p><span style=\"font-weight: 400;\">El divendres 3 d\u2019octubre els nens i nenes de la classe dels Torets embolats (1rA) i les Dames de foc (1rB) vam anar a Granja Aventura Park de Viladecavalls. Vam fer moltes activitats en un entorn natural, com jocs de cohesi\u00f3 grupal, circuits d\u2019aventura i llan\u00e7ar-nos per una super-tirolina. Tamb\u00e9 vam veure una exhibici\u00f3 d\u2019animals ex\u00f2tics i els vam poder tocar.<\/span><\/p>\n<p><span style=\"font-weight: 400;\">Va ser un dia carregat d\u2019emocions i molt aventurer!!!<\/span><\/p>\n<p><a href=\"https:\/\/photos.app.goo.gl\/fXaR4ekVbYi6Jmd66\">Fotos<\/a><\/p>\n","protected":false},"excerpt":{"rendered":"<p>El divendres 3 d\u2019octubre els nens i nenes de la classe dels Torets embolats (1rA) i les Dames de foc (1rB) vam anar a Granja Aventura Park de Viladecavalls. Vam fer moltes activitats en un entorn natural, com jocs de cohesi\u00f3 grupal, circuits d\u2019aventura i&hellip;  <a href=\"https:\/\/agora.xtec.cat\/ceipgranullarius\/general\/1r-sortida-a-la-granja-aventura-parc\/\" title=\"Read 1r &#8211; Sortida a la Granja Aventura Parc\">Llegeix m\u00e9s\u00bb<\/a><\/p>\n","protected":false},"author":1,"featured_media":0,"comment_status":"open","ping_status":"open","sticky":false,"template":"","format":"standard","meta":{"_bbp_topic_count":0,"_bbp_reply_count":0,"_bbp_total_topic_count":0,"_bbp_total_reply_count":0,"_bbp_voice_count":0,"_bbp_anonymous_reply_count":0,"_bbp_topic_count_hidden":0,"_bbp_reply_count_hidden":0,"_bbp_forum_subforum_count":0,"footnotes":""},"categories":[10,62,63,51,1,4],"tags":[],"class_list":["post-4655","post","type-post","status-publish","format-standard","hentry","category-1r","category-cicle-inicial","category-educacio-primaria","category-escola","category-general","category-portada"],"post_mailing_queue_ids":[],"_links":{"self":[{"href":"https:\/\/agora.xtec.cat\/ceipgranullarius\/wp-json\/wp\/v2\/posts\/4655","targetHints":{"allow":["GET"]}}],"collection":[{"href":"https:\/\/agora.xtec.cat\/ceipgranullarius\/wp-json\/wp\/v2\/posts"}],"about":[{"href":"https:\/\/agora.xtec.cat\/ceipgranullarius\/wp-json\/wp\/v2\/types\/post"}],"author":[{"embeddable":true,"href":"https:\/\/agora.xtec.cat\/ceipgranullarius\/wp-json\/wp\/v2\/users\/1"}],"replies":[{"embeddable":true,"href":"https:\/\/agora.xtec.cat\/ceipgranullarius\/wp-json\/wp\/v2\/comments?post=4655"}],"version-history":[{"count":1,"href":"https:\/\/agora.xtec.cat\/ceipgranullarius\/wp-json\/wp\/v2\/posts\/4655\/revisions"}],"predecessor-version":[{"id":4657,"href":"https:\/\/agora.xtec.cat\/ceipgranullarius\/wp-json\/wp\/v2\/posts\/4655\/revisions\/4657"}],"wp:attachment":[{"href":"https:\/\/agora.xtec.cat\/ceipgranullarius\/wp-json\/wp\/v2\/media?parent=4655"}],"wp:term":[{"taxonomy":"category","embeddable":true,"href":"https:\/\/agora.xtec.cat\/ceipgranullarius\/wp-json\/wp\/v2\/categories?post=4655"},{"taxonomy":"post_tag","embeddable":true,"href":"https:\/\/agora.xtec.cat\/ceipgranullarius\/wp-json\/wp\/v2\/tags?post=4655"}],"curies":[{"name":"wp","href":"https:\/\/api.w.org\/{rel}","templated":true}]}}