{"id":4637,"date":"2025-10-17T13:24:39","date_gmt":"2025-10-17T11:24:39","guid":{"rendered":"https:\/\/agora.xtec.cat\/ceipgranullarius\/?p=4637"},"modified":"2025-10-17T13:24:39","modified_gmt":"2025-10-17T11:24:39","slug":"delegades-i-delegats-del-curs-25-26","status":"publish","type":"post","link":"https:\/\/agora.xtec.cat\/ceipgranullarius\/general\/delegades-i-delegats-del-curs-25-26\/","title":{"rendered":"Delegades i delegats del curs 25\/26"},"content":{"rendered":"<p><img loading=\"lazy\" decoding=\"async\" class=\"aligncenter size-full wp-image-4638\" src=\"https:\/\/agora.xtec.cat\/ceipgranullarius\/wp-content\/uploads\/usu769\/2025\/10\/Delegades-i-delegats.jpg\" alt=\"\" width=\"1000\" height=\"1000\" srcset=\"https:\/\/agora.xtec.cat\/ceipgranullarius\/wp-content\/uploads\/usu769\/2025\/10\/Delegades-i-delegats.jpg 1000w, https:\/\/agora.xtec.cat\/ceipgranullarius\/wp-content\/uploads\/usu769\/2025\/10\/Delegades-i-delegats-300x300.jpg 300w, https:\/\/agora.xtec.cat\/ceipgranullarius\/wp-content\/uploads\/usu769\/2025\/10\/Delegades-i-delegats-150x150.jpg 150w, https:\/\/agora.xtec.cat\/ceipgranullarius\/wp-content\/uploads\/usu769\/2025\/10\/Delegades-i-delegats-768x768.jpg 768w\" sizes=\"auto, (max-width: 1000px) 100vw, 1000px\" \/><\/p>\n<p>Us presentem a les noves delegades i delegats dels grups de prim\u00e0ria de l&#8217;escola per aquest curs. Ja hem comen\u00e7at amb la primera reuni\u00f3 mensual amb la Sandra, la cap d&#8217;estudis, i tenen moltes ganes de participar i de millorar l&#8217;escola amb les seves idees i aportacions.<\/p>\n<p>1rA &#8211; Guim Puig i Gael Estirado \/ 1rB &#8211; Nerea Aguilera i Stefany S\u00e1nchez<\/p>\n<p>2nA &#8211; Jana Ca\u00f1as i Roma Nucifora \/ 2nB &#8211; Alejandro Ramos i Mart\u00ed P\u00e9rez<\/p>\n<p>3rA &#8211; Dante Carrillo i O.V \/ 3rB &#8211; Aina Galera i Hugo Budia<\/p>\n<p>4tA &#8211; Aina Ma\u00f1as i Blai Vila \/ 4tB &#8211; Yumei Requena i Laura Valeria Medina<\/p>\n<p>5\u00e8A &#8211; Lluc Torruella i Mariama Sabaly \/ 5\u00e8B &#8211; Leyre Martos i Ismael Ba<\/p>\n<p>6\u00e8A &#8211; Cl\u00e0udia Gonz\u00e1lez i Aina Lamas \/ 6\u00e8B &#8211; Anna Molina i Llu\u00eds Albino<\/p>\n","protected":false},"excerpt":{"rendered":"<p>Us presentem a les noves delegades i delegats dels grups de prim\u00e0ria de l&#8217;escola per aquest curs. Ja hem comen\u00e7at amb la primera reuni\u00f3 mensual amb la Sandra, la cap d&#8217;estudis, i tenen moltes ganes de participar i de millorar l&#8217;escola amb les seves idees&hellip;  <a href=\"https:\/\/agora.xtec.cat\/ceipgranullarius\/general\/delegades-i-delegats-del-curs-25-26\/\" title=\"Read Delegades i delegats del curs 25\/26\">Llegeix m\u00e9s\u00bb<\/a><\/p>\n","protected":false},"author":1,"featured_media":0,"comment_status":"open","ping_status":"open","sticky":false,"template":"","format":"standard","meta":{"_bbp_topic_count":0,"_bbp_reply_count":0,"_bbp_total_topic_count":0,"_bbp_total_reply_count":0,"_bbp_voice_count":0,"_bbp_anonymous_reply_count":0,"_bbp_topic_count_hidden":0,"_bbp_reply_count_hidden":0,"_bbp_forum_subforum_count":0,"footnotes":""},"categories":[63,51,1,4],"tags":[],"class_list":["post-4637","post","type-post","status-publish","format-standard","hentry","category-educacio-primaria","category-escola","category-general","category-portada"],"post_mailing_queue_ids":[],"_links":{"self":[{"href":"https:\/\/agora.xtec.cat\/ceipgranullarius\/wp-json\/wp\/v2\/posts\/4637","targetHints":{"allow":["GET"]}}],"collection":[{"href":"https:\/\/agora.xtec.cat\/ceipgranullarius\/wp-json\/wp\/v2\/posts"}],"about":[{"href":"https:\/\/agora.xtec.cat\/ceipgranullarius\/wp-json\/wp\/v2\/types\/post"}],"author":[{"embeddable":true,"href":"https:\/\/agora.xtec.cat\/ceipgranullarius\/wp-json\/wp\/v2\/users\/1"}],"replies":[{"embeddable":true,"href":"https:\/\/agora.xtec.cat\/ceipgranullarius\/wp-json\/wp\/v2\/comments?post=4637"}],"version-history":[{"count":1,"href":"https:\/\/agora.xtec.cat\/ceipgranullarius\/wp-json\/wp\/v2\/posts\/4637\/revisions"}],"predecessor-version":[{"id":4639,"href":"https:\/\/agora.xtec.cat\/ceipgranullarius\/wp-json\/wp\/v2\/posts\/4637\/revisions\/4639"}],"wp:attachment":[{"href":"https:\/\/agora.xtec.cat\/ceipgranullarius\/wp-json\/wp\/v2\/media?parent=4637"}],"wp:term":[{"taxonomy":"category","embeddable":true,"href":"https:\/\/agora.xtec.cat\/ceipgranullarius\/wp-json\/wp\/v2\/categories?post=4637"},{"taxonomy":"post_tag","embeddable":true,"href":"https:\/\/agora.xtec.cat\/ceipgranullarius\/wp-json\/wp\/v2\/tags?post=4637"}],"curies":[{"name":"wp","href":"https:\/\/api.w.org\/{rel}","templated":true}]}}