{"id":4619,"date":"2025-07-15T11:45:25","date_gmt":"2025-07-15T09:45:25","guid":{"rendered":"https:\/\/agora.xtec.cat\/ceipgranullarius\/?p=4619"},"modified":"2025-07-15T11:45:56","modified_gmt":"2025-07-15T09:45:56","slug":"5e-roda-de-premsa-de-presentacio-de-la-cantania-real","status":"publish","type":"post","link":"https:\/\/agora.xtec.cat\/ceipgranullarius\/general\/5e-roda-de-premsa-de-presentacio-de-la-cantania-real\/","title":{"rendered":"5\u00e8 &#8211; Roda de premsa de presentaci\u00f3 de la Cant\u00e0nia Real"},"content":{"rendered":"<p><img loading=\"lazy\" decoding=\"async\" class=\"aligncenter size-large wp-image-4620\" src=\"https:\/\/agora.xtec.cat\/ceipgranullarius\/wp-content\/uploads\/usu769\/2025\/07\/8d2951ca-c3df-4398-9599-5e37d6b21725-1024x768.jpg\" alt=\"\" width=\"1024\" height=\"768\" srcset=\"https:\/\/agora.xtec.cat\/ceipgranullarius\/wp-content\/uploads\/usu769\/2025\/07\/8d2951ca-c3df-4398-9599-5e37d6b21725-1024x768.jpg 1024w, https:\/\/agora.xtec.cat\/ceipgranullarius\/wp-content\/uploads\/usu769\/2025\/07\/8d2951ca-c3df-4398-9599-5e37d6b21725-300x225.jpg 300w, https:\/\/agora.xtec.cat\/ceipgranullarius\/wp-content\/uploads\/usu769\/2025\/07\/8d2951ca-c3df-4398-9599-5e37d6b21725-768x576.jpg 768w, https:\/\/agora.xtec.cat\/ceipgranullarius\/wp-content\/uploads\/usu769\/2025\/07\/8d2951ca-c3df-4398-9599-5e37d6b21725-1536x1152.jpg 1536w, https:\/\/agora.xtec.cat\/ceipgranullarius\/wp-content\/uploads\/usu769\/2025\/07\/8d2951ca-c3df-4398-9599-5e37d6b21725-200x150.jpg 200w, https:\/\/agora.xtec.cat\/ceipgranullarius\/wp-content\/uploads\/usu769\/2025\/07\/8d2951ca-c3df-4398-9599-5e37d6b21725.jpg 1600w\" sizes=\"auto, (max-width: 1024px) 100vw, 1024px\" \/><\/p>\n<p>Els i les alumnes de 5\u00e8 van participar en la gravaci\u00f3 dels assajos de la Cant\u00e0nia Real i en una roda de premsa per a la televisi\u00f3 VOTV. Van tenir un p\u00fablic molt especial: l&#8217;alcaldessa de Granollers!!<\/p>\n<div dir=\"auto\">En el seg\u00fcent enlla\u00e7 podeu veure la roda de premsa:<\/div>\n<div dir=\"auto\"><\/div>\n<div dir=\"auto\"><a href=\"https:\/\/youtu.be\/G6nf8o_t_FA?si=nX9A9XxUc1LdNxuY\" target=\"_blank\" rel=\"noopener\" data-saferedirecturl=\"https:\/\/www.google.com\/url?q=https:\/\/youtu.be\/G6nf8o_t_FA?si%3DnX9A9XxUc1LdNxuY&amp;source=gmail&amp;ust=1752656754544000&amp;usg=AOvVaw3my3OgqS83NNPcnPoVqT2P\">https:\/\/youtu.be\/G6nf8o_t_FA?<wbr \/>si=nX9A9XxUc1LdNxuY<\/a><\/div>\n","protected":false},"excerpt":{"rendered":"<p>Els i les alumnes de 5\u00e8 van participar en la gravaci\u00f3 dels assajos de la Cant\u00e0nia Real i en una roda de premsa per a la televisi\u00f3 VOTV. Van tenir un p\u00fablic molt especial: l&#8217;alcaldessa de Granollers!!<br \/>\nEn el seg\u00fcent enlla\u00e7 podeu veure la roda de&hellip;  <a href=\"https:\/\/agora.xtec.cat\/ceipgranullarius\/general\/5e-roda-de-premsa-de-presentacio-de-la-cantania-real\/\" title=\"Read 5\u00e8 &#8211; Roda de premsa de presentaci\u00f3 de la Cant\u00e0nia Real\">Llegeix m\u00e9s\u00bb<\/a><\/p>\n","protected":false},"author":1,"featured_media":0,"comment_status":"open","ping_status":"open","sticky":false,"template":"","format":"standard","meta":{"_bbp_topic_count":0,"_bbp_reply_count":0,"_bbp_total_topic_count":0,"_bbp_total_reply_count":0,"_bbp_voice_count":0,"_bbp_anonymous_reply_count":0,"_bbp_topic_count_hidden":0,"_bbp_reply_count_hidden":0,"_bbp_forum_subforum_count":0,"footnotes":""},"categories":[14,50,63,51,1,4,53],"tags":[],"class_list":["post-4619","post","type-post","status-publish","format-standard","hentry","category-5e","category-cicle-superior","category-educacio-primaria","category-escola","category-general","category-portada","category-projectes"],"post_mailing_queue_ids":[],"_links":{"self":[{"href":"https:\/\/agora.xtec.cat\/ceipgranullarius\/wp-json\/wp\/v2\/posts\/4619","targetHints":{"allow":["GET"]}}],"collection":[{"href":"https:\/\/agora.xtec.cat\/ceipgranullarius\/wp-json\/wp\/v2\/posts"}],"about":[{"href":"https:\/\/agora.xtec.cat\/ceipgranullarius\/wp-json\/wp\/v2\/types\/post"}],"author":[{"embeddable":true,"href":"https:\/\/agora.xtec.cat\/ceipgranullarius\/wp-json\/wp\/v2\/users\/1"}],"replies":[{"embeddable":true,"href":"https:\/\/agora.xtec.cat\/ceipgranullarius\/wp-json\/wp\/v2\/comments?post=4619"}],"version-history":[{"count":2,"href":"https:\/\/agora.xtec.cat\/ceipgranullarius\/wp-json\/wp\/v2\/posts\/4619\/revisions"}],"predecessor-version":[{"id":4622,"href":"https:\/\/agora.xtec.cat\/ceipgranullarius\/wp-json\/wp\/v2\/posts\/4619\/revisions\/4622"}],"wp:attachment":[{"href":"https:\/\/agora.xtec.cat\/ceipgranullarius\/wp-json\/wp\/v2\/media?parent=4619"}],"wp:term":[{"taxonomy":"category","embeddable":true,"href":"https:\/\/agora.xtec.cat\/ceipgranullarius\/wp-json\/wp\/v2\/categories?post=4619"},{"taxonomy":"post_tag","embeddable":true,"href":"https:\/\/agora.xtec.cat\/ceipgranullarius\/wp-json\/wp\/v2\/tags?post=4619"}],"curies":[{"name":"wp","href":"https:\/\/api.w.org\/{rel}","templated":true}]}}