{"id":4613,"date":"2025-07-02T09:51:31","date_gmt":"2025-07-02T07:51:31","guid":{"rendered":"https:\/\/agora.xtec.cat\/ceipgranullarius\/?p=4613"},"modified":"2025-07-02T09:51:31","modified_gmt":"2025-07-02T07:51:31","slug":"i5-aprenem-a-curar-ferides","status":"publish","type":"post","link":"https:\/\/agora.xtec.cat\/ceipgranullarius\/general\/i5-aprenem-a-curar-ferides\/","title":{"rendered":"I5 &#8211; Aprenem a curar ferides"},"content":{"rendered":"<p><img loading=\"lazy\" decoding=\"async\" class=\"aligncenter size-large wp-image-4614\" src=\"https:\/\/agora.xtec.cat\/ceipgranullarius\/wp-content\/uploads\/usu769\/2025\/07\/PORTADA_-1024x769.jpg\" alt=\"\" width=\"1024\" height=\"769\" srcset=\"https:\/\/agora.xtec.cat\/ceipgranullarius\/wp-content\/uploads\/usu769\/2025\/07\/PORTADA_-1024x769.jpg 1024w, https:\/\/agora.xtec.cat\/ceipgranullarius\/wp-content\/uploads\/usu769\/2025\/07\/PORTADA_-300x225.jpg 300w, https:\/\/agora.xtec.cat\/ceipgranullarius\/wp-content\/uploads\/usu769\/2025\/07\/PORTADA_-768x577.jpg 768w, https:\/\/agora.xtec.cat\/ceipgranullarius\/wp-content\/uploads\/usu769\/2025\/07\/PORTADA_-1536x1153.jpg 1536w, https:\/\/agora.xtec.cat\/ceipgranullarius\/wp-content\/uploads\/usu769\/2025\/07\/PORTADA_-2048x1538.jpg 2048w, https:\/\/agora.xtec.cat\/ceipgranullarius\/wp-content\/uploads\/usu769\/2025\/07\/PORTADA_-200x150.jpg 200w\" sizes=\"auto, (max-width: 1024px) 100vw, 1024px\" \/><\/p>\n<p align=\"left\">Despr\u00e9s de treballar el projecte del cos hum\u00e0 a I5, vam tenir el privilegi de fer una activitat amb dues infermeres de l\u2019Hospital de Granollers, La Saida mare de la Dalia de I5B i la seva companya Nora. Ens van presentar una activitat molt vivencial i divertida per ser uns grans experts a curar ferides. Aqu\u00ed podeu veure les fotos. Un cop m\u00e9s donem les gr\u00e0cies a les ponents de l\u2019activitat. Un plaer aprendre aix\u00ed.<\/p>\n<p><a href=\"https:\/\/photos.app.goo.gl\/8b2d7bX8LJnghVsGA\">Fotos<\/a><\/p>\n","protected":false},"excerpt":{"rendered":"<p>Despr\u00e9s de treballar el projecte del cos hum\u00e0 a I5, vam tenir el privilegi de fer una activitat amb dues infermeres de l\u2019Hospital de Granollers, La Saida mare de la Dalia de I5B i la seva companya Nora. Ens van presentar una activitat molt vivencial&hellip;  <a href=\"https:\/\/agora.xtec.cat\/ceipgranullarius\/general\/i5-aprenem-a-curar-ferides\/\" title=\"Read I5 &#8211; Aprenem a curar ferides\">Llegeix m\u00e9s\u00bb<\/a><\/p>\n","protected":false},"author":1,"featured_media":0,"comment_status":"open","ping_status":"open","sticky":false,"template":"","format":"standard","meta":{"_bbp_topic_count":0,"_bbp_reply_count":0,"_bbp_total_topic_count":0,"_bbp_total_reply_count":0,"_bbp_voice_count":0,"_bbp_anonymous_reply_count":0,"_bbp_topic_count_hidden":0,"_bbp_reply_count_hidden":0,"_bbp_forum_subforum_count":0,"footnotes":""},"categories":[2,51,1,9,4,53],"tags":[],"class_list":["post-4613","post","type-post","status-publish","format-standard","hentry","category-educacio-infantil","category-escola","category-general","category-i5","category-portada","category-projectes"],"post_mailing_queue_ids":[],"_links":{"self":[{"href":"https:\/\/agora.xtec.cat\/ceipgranullarius\/wp-json\/wp\/v2\/posts\/4613","targetHints":{"allow":["GET"]}}],"collection":[{"href":"https:\/\/agora.xtec.cat\/ceipgranullarius\/wp-json\/wp\/v2\/posts"}],"about":[{"href":"https:\/\/agora.xtec.cat\/ceipgranullarius\/wp-json\/wp\/v2\/types\/post"}],"author":[{"embeddable":true,"href":"https:\/\/agora.xtec.cat\/ceipgranullarius\/wp-json\/wp\/v2\/users\/1"}],"replies":[{"embeddable":true,"href":"https:\/\/agora.xtec.cat\/ceipgranullarius\/wp-json\/wp\/v2\/comments?post=4613"}],"version-history":[{"count":1,"href":"https:\/\/agora.xtec.cat\/ceipgranullarius\/wp-json\/wp\/v2\/posts\/4613\/revisions"}],"predecessor-version":[{"id":4615,"href":"https:\/\/agora.xtec.cat\/ceipgranullarius\/wp-json\/wp\/v2\/posts\/4613\/revisions\/4615"}],"wp:attachment":[{"href":"https:\/\/agora.xtec.cat\/ceipgranullarius\/wp-json\/wp\/v2\/media?parent=4613"}],"wp:term":[{"taxonomy":"category","embeddable":true,"href":"https:\/\/agora.xtec.cat\/ceipgranullarius\/wp-json\/wp\/v2\/categories?post=4613"},{"taxonomy":"post_tag","embeddable":true,"href":"https:\/\/agora.xtec.cat\/ceipgranullarius\/wp-json\/wp\/v2\/tags?post=4613"}],"curies":[{"name":"wp","href":"https:\/\/api.w.org\/{rel}","templated":true}]}}