{"id":4609,"date":"2025-07-02T09:47:25","date_gmt":"2025-07-02T07:47:25","guid":{"rendered":"https:\/\/agora.xtec.cat\/ceipgranullarius\/?p=4609"},"modified":"2025-07-02T09:47:25","modified_gmt":"2025-07-02T07:47:25","slug":"4t-commemoracio-del-bombardeig-de-granollers","status":"publish","type":"post","link":"https:\/\/agora.xtec.cat\/ceipgranullarius\/general\/4t-commemoracio-del-bombardeig-de-granollers\/","title":{"rendered":"4t &#8211; Commemoraci\u00f3 del Bombardeig de Granollers"},"content":{"rendered":"<p><img decoding=\"async\" class=\"aligncenter size-full wp-image-4610\" src=\"https:\/\/agora.xtec.cat\/ceipgranullarius\/wp-content\/uploads\/usu769\/2025\/07\/IMG_2229.heic\" alt=\"\" \/><\/p>\n<p><img loading=\"lazy\" decoding=\"async\" class=\"aligncenter size-large wp-image-4611\" src=\"https:\/\/agora.xtec.cat\/ceipgranullarius\/wp-content\/uploads\/usu769\/2025\/07\/IMG_2229-2-1024x768.jpg\" alt=\"\" width=\"1024\" height=\"768\" srcset=\"https:\/\/agora.xtec.cat\/ceipgranullarius\/wp-content\/uploads\/usu769\/2025\/07\/IMG_2229-2-1024x768.jpg 1024w, https:\/\/agora.xtec.cat\/ceipgranullarius\/wp-content\/uploads\/usu769\/2025\/07\/IMG_2229-2-300x225.jpg 300w, https:\/\/agora.xtec.cat\/ceipgranullarius\/wp-content\/uploads\/usu769\/2025\/07\/IMG_2229-2-768x576.jpg 768w, https:\/\/agora.xtec.cat\/ceipgranullarius\/wp-content\/uploads\/usu769\/2025\/07\/IMG_2229-2-1536x1152.jpg 1536w, https:\/\/agora.xtec.cat\/ceipgranullarius\/wp-content\/uploads\/usu769\/2025\/07\/IMG_2229-2-2048x1536.jpg 2048w, https:\/\/agora.xtec.cat\/ceipgranullarius\/wp-content\/uploads\/usu769\/2025\/07\/IMG_2229-2-200x150.jpg 200w\" sizes=\"auto, (max-width: 1024px) 100vw, 1024px\" \/><\/p>\n<p align=\"left\">El passat 28 de maig els nens i nenes de 4t vam anar a la porxada a la Commemoraci\u00f3 del Bombardeig de Granollers. Despr\u00e9s de fer un taller de conscienciaci\u00f3 sobre el consum de l\u2019aigua i escriure un missatge en forma de gota responsabilitzant-nos del seu \u00fas.<\/p>\n<p align=\"left\">A la porxada vam fer diferents activitats junt a altres escoles. Al principi est\u00e0vem tots vergonyosos\/es per\u00f2 vam acabar parlant amb tothom!<\/p>\n<p><a href=\"https:\/\/photos.app.goo.gl\/bvsSu35VPaTe81ew5\">Fotos<\/a><\/p>\n","protected":false},"excerpt":{"rendered":"<p>El passat 28 de maig els nens i nenes de 4t vam anar a la porxada a la Commemoraci\u00f3 del Bombardeig de Granollers. Despr\u00e9s de fer un taller de conscienciaci\u00f3 sobre el consum de l\u2019aigua i escriure un missatge en forma de gota responsabilitzant-nos del&hellip;  <a href=\"https:\/\/agora.xtec.cat\/ceipgranullarius\/general\/4t-commemoracio-del-bombardeig-de-granollers\/\" title=\"Read 4t &#8211; Commemoraci\u00f3 del Bombardeig de Granollers\">Llegeix m\u00e9s\u00bb<\/a><\/p>\n","protected":false},"author":1,"featured_media":0,"comment_status":"open","ping_status":"open","sticky":false,"template":"","format":"standard","meta":{"_bbp_topic_count":0,"_bbp_reply_count":0,"_bbp_total_topic_count":0,"_bbp_total_reply_count":0,"_bbp_voice_count":0,"_bbp_anonymous_reply_count":0,"_bbp_topic_count_hidden":0,"_bbp_reply_count_hidden":0,"_bbp_forum_subforum_count":0,"footnotes":""},"categories":[13,49,63,51,1,4],"tags":[],"class_list":["post-4609","post","type-post","status-publish","format-standard","hentry","category-4t","category-cicle-mitja","category-educacio-primaria","category-escola","category-general","category-portada"],"post_mailing_queue_ids":[],"_links":{"self":[{"href":"https:\/\/agora.xtec.cat\/ceipgranullarius\/wp-json\/wp\/v2\/posts\/4609","targetHints":{"allow":["GET"]}}],"collection":[{"href":"https:\/\/agora.xtec.cat\/ceipgranullarius\/wp-json\/wp\/v2\/posts"}],"about":[{"href":"https:\/\/agora.xtec.cat\/ceipgranullarius\/wp-json\/wp\/v2\/types\/post"}],"author":[{"embeddable":true,"href":"https:\/\/agora.xtec.cat\/ceipgranullarius\/wp-json\/wp\/v2\/users\/1"}],"replies":[{"embeddable":true,"href":"https:\/\/agora.xtec.cat\/ceipgranullarius\/wp-json\/wp\/v2\/comments?post=4609"}],"version-history":[{"count":1,"href":"https:\/\/agora.xtec.cat\/ceipgranullarius\/wp-json\/wp\/v2\/posts\/4609\/revisions"}],"predecessor-version":[{"id":4612,"href":"https:\/\/agora.xtec.cat\/ceipgranullarius\/wp-json\/wp\/v2\/posts\/4609\/revisions\/4612"}],"wp:attachment":[{"href":"https:\/\/agora.xtec.cat\/ceipgranullarius\/wp-json\/wp\/v2\/media?parent=4609"}],"wp:term":[{"taxonomy":"category","embeddable":true,"href":"https:\/\/agora.xtec.cat\/ceipgranullarius\/wp-json\/wp\/v2\/categories?post=4609"},{"taxonomy":"post_tag","embeddable":true,"href":"https:\/\/agora.xtec.cat\/ceipgranullarius\/wp-json\/wp\/v2\/tags?post=4609"}],"curies":[{"name":"wp","href":"https:\/\/api.w.org\/{rel}","templated":true}]}}