{"id":4605,"date":"2025-07-02T09:33:42","date_gmt":"2025-07-02T07:33:42","guid":{"rendered":"https:\/\/agora.xtec.cat\/ceipgranullarius\/?p=4605"},"modified":"2025-07-02T09:33:42","modified_gmt":"2025-07-02T07:33:42","slug":"2n-cantata-la-clika","status":"publish","type":"post","link":"https:\/\/agora.xtec.cat\/ceipgranullarius\/general\/2n-cantata-la-clika\/","title":{"rendered":"2n &#8211; Cantata La Clika"},"content":{"rendered":"<p><img loading=\"lazy\" decoding=\"async\" class=\"aligncenter size-large wp-image-4607\" src=\"https:\/\/agora.xtec.cat\/ceipgranullarius\/wp-content\/uploads\/usu769\/2025\/07\/Portada-2-1024x768.jpg\" alt=\"\" width=\"1024\" height=\"768\" srcset=\"https:\/\/agora.xtec.cat\/ceipgranullarius\/wp-content\/uploads\/usu769\/2025\/07\/Portada-2-1024x768.jpg 1024w, https:\/\/agora.xtec.cat\/ceipgranullarius\/wp-content\/uploads\/usu769\/2025\/07\/Portada-2-300x225.jpg 300w, https:\/\/agora.xtec.cat\/ceipgranullarius\/wp-content\/uploads\/usu769\/2025\/07\/Portada-2-768x576.jpg 768w, https:\/\/agora.xtec.cat\/ceipgranullarius\/wp-content\/uploads\/usu769\/2025\/07\/Portada-2-1536x1152.jpg 1536w, https:\/\/agora.xtec.cat\/ceipgranullarius\/wp-content\/uploads\/usu769\/2025\/07\/Portada-2-2048x1536.jpg 2048w, https:\/\/agora.xtec.cat\/ceipgranullarius\/wp-content\/uploads\/usu769\/2025\/07\/Portada-2-200x150.jpg 200w\" sizes=\"auto, (max-width: 1024px) 100vw, 1024px\" \/><\/p>\n<p align=\"left\">Despr\u00e9s de moltes setmanes d\u2019assaig a l\u2019escola, el passat 6 de maig els nens i nenes de 2n van viure una jornada molt especial al <b>Teatre Edison<\/b>, on van participar en la <b>Cantata de La Clika <\/b>juntament amb dues escoles m\u00e9s de Granollers. A m\u00e9s, van tenir l\u2019oportunitat de cantar totes les can\u00e7ons en directe i acompanyat de m\u00fasics.<\/p>\n<p align=\"left\">La <b>Clika<\/b> \u00e9s un projecte musical, que consisteix en un grup d\u2019amics de diferents llocs, que viuen hist\u00f2ries i aventures junts. A trav\u00e9s d\u2019aquestes can\u00e7ons transmeten valors com l\u2019amistat, la diversitat, el respecte i la import\u00e0ncia de ser un mateix.<\/p>\n<p align=\"left\">Va ser una experi\u00e8ncia molt emocionant i plena d\u2019alegria, on van poder viure la m\u00e0gia de la m\u00fasica en directe en un espai emblem\u00e0tic com el <b>Teatre Edison<\/b>.<\/p>\n<p align=\"left\"><b>Tots i totes van gaudir molt de l\u2019activitat i va ser una experi\u00e8ncia molt emocionant! <\/b><\/p>\n<p align=\"left\"><a href=\"https:\/\/photos.app.goo.gl\/yHraiDAUfziWRPKp9\">Fotos<\/a><\/p>\n","protected":false},"excerpt":{"rendered":"<p>Despr\u00e9s de moltes setmanes d\u2019assaig a l\u2019escola, el passat 6 de maig els nens i nenes de 2n van viure una jornada molt especial al Teatre Edison, on van participar en la Cantata de La Clika juntament amb dues escoles m\u00e9s de Granollers. A m\u00e9s,&hellip;  <a href=\"https:\/\/agora.xtec.cat\/ceipgranullarius\/general\/2n-cantata-la-clika\/\" title=\"Read 2n &#8211; Cantata La Clika\">Llegeix m\u00e9s\u00bb<\/a><\/p>\n","protected":false},"author":1,"featured_media":0,"comment_status":"open","ping_status":"open","sticky":false,"template":"","format":"standard","meta":{"_bbp_topic_count":0,"_bbp_reply_count":0,"_bbp_total_topic_count":0,"_bbp_total_reply_count":0,"_bbp_voice_count":0,"_bbp_anonymous_reply_count":0,"_bbp_topic_count_hidden":0,"_bbp_reply_count_hidden":0,"_bbp_forum_subforum_count":0,"footnotes":""},"categories":[11,62,63,51,1,4,53],"tags":[],"class_list":["post-4605","post","type-post","status-publish","format-standard","hentry","category-2n","category-cicle-inicial","category-educacio-primaria","category-escola","category-general","category-portada","category-projectes"],"post_mailing_queue_ids":[],"_links":{"self":[{"href":"https:\/\/agora.xtec.cat\/ceipgranullarius\/wp-json\/wp\/v2\/posts\/4605","targetHints":{"allow":["GET"]}}],"collection":[{"href":"https:\/\/agora.xtec.cat\/ceipgranullarius\/wp-json\/wp\/v2\/posts"}],"about":[{"href":"https:\/\/agora.xtec.cat\/ceipgranullarius\/wp-json\/wp\/v2\/types\/post"}],"author":[{"embeddable":true,"href":"https:\/\/agora.xtec.cat\/ceipgranullarius\/wp-json\/wp\/v2\/users\/1"}],"replies":[{"embeddable":true,"href":"https:\/\/agora.xtec.cat\/ceipgranullarius\/wp-json\/wp\/v2\/comments?post=4605"}],"version-history":[{"count":1,"href":"https:\/\/agora.xtec.cat\/ceipgranullarius\/wp-json\/wp\/v2\/posts\/4605\/revisions"}],"predecessor-version":[{"id":4608,"href":"https:\/\/agora.xtec.cat\/ceipgranullarius\/wp-json\/wp\/v2\/posts\/4605\/revisions\/4608"}],"wp:attachment":[{"href":"https:\/\/agora.xtec.cat\/ceipgranullarius\/wp-json\/wp\/v2\/media?parent=4605"}],"wp:term":[{"taxonomy":"category","embeddable":true,"href":"https:\/\/agora.xtec.cat\/ceipgranullarius\/wp-json\/wp\/v2\/categories?post=4605"},{"taxonomy":"post_tag","embeddable":true,"href":"https:\/\/agora.xtec.cat\/ceipgranullarius\/wp-json\/wp\/v2\/tags?post=4605"}],"curies":[{"name":"wp","href":"https:\/\/api.w.org\/{rel}","templated":true}]}}