{"id":4598,"date":"2025-07-01T13:44:42","date_gmt":"2025-07-01T11:44:42","guid":{"rendered":"https:\/\/agora.xtec.cat\/ceipgranullarius\/?p=4598"},"modified":"2025-07-01T13:44:42","modified_gmt":"2025-07-01T11:44:42","slug":"i5-els-cucs-de-seda","status":"publish","type":"post","link":"https:\/\/agora.xtec.cat\/ceipgranullarius\/general\/i5-els-cucs-de-seda\/","title":{"rendered":"I5 &#8211; Els cucs de seda"},"content":{"rendered":"<p><img loading=\"lazy\" decoding=\"async\" class=\"aligncenter size-large wp-image-4599\" src=\"https:\/\/agora.xtec.cat\/ceipgranullarius\/wp-content\/uploads\/usu769\/2025\/07\/FOTO-PORTADA_-1024x769.jpg\" alt=\"\" width=\"1024\" height=\"769\" srcset=\"https:\/\/agora.xtec.cat\/ceipgranullarius\/wp-content\/uploads\/usu769\/2025\/07\/FOTO-PORTADA_-1024x769.jpg 1024w, https:\/\/agora.xtec.cat\/ceipgranullarius\/wp-content\/uploads\/usu769\/2025\/07\/FOTO-PORTADA_-300x225.jpg 300w, https:\/\/agora.xtec.cat\/ceipgranullarius\/wp-content\/uploads\/usu769\/2025\/07\/FOTO-PORTADA_-768x577.jpg 768w, https:\/\/agora.xtec.cat\/ceipgranullarius\/wp-content\/uploads\/usu769\/2025\/07\/FOTO-PORTADA_-1536x1153.jpg 1536w, https:\/\/agora.xtec.cat\/ceipgranullarius\/wp-content\/uploads\/usu769\/2025\/07\/FOTO-PORTADA_-2048x1538.jpg 2048w, https:\/\/agora.xtec.cat\/ceipgranullarius\/wp-content\/uploads\/usu769\/2025\/07\/FOTO-PORTADA_-200x150.jpg 200w\" sizes=\"auto, (max-width: 1024px) 100vw, 1024px\" \/><\/p>\n<p align=\"left\">El curs passat una fam\u00edlia de l\u2019escola ens va fer arribar cucs de seda.<\/p>\n<p align=\"left\">Els infants d\u2019I5 del curs 2023\/24 van veure el proc\u00e9s de vida dels cucs de seda. A l\u2019estiu del 2024, les mestres van guardar el ous i al mes de febrer del 2025 va n\u00e9ixer la nova generaci\u00f3 de cucs de seda, nascuda per primer cop a l\u2019Escola Granullarius. Els arbres de moreres encara no tenien fulles i vam comen\u00e7ar a alimentar-los amb farinetes de morera. Passat el temps i donant fulles de morera han crescut i hem tornat a poder veure tot el proc\u00e9s d\u2019aquests curiosos \u00e9ssers vius. Aqu\u00ed us deixem un recull del proc\u00e9s. Restem a l\u2019espera de tenir cura i guardar els ous per al curs vinent poder seguir el cicle cicle de vida.<\/p>\n<p><a href=\"https:\/\/photos.app.goo.gl\/tCMriAFznZ5pSw4G7\">Fotos<\/a><\/p>\n","protected":false},"excerpt":{"rendered":"<p>El curs passat una fam\u00edlia de l\u2019escola ens va fer arribar cucs de seda.<br \/>\nEls infants d\u2019I5 del curs 2023\/24 van veure el proc\u00e9s de vida dels cucs de seda. A l\u2019estiu del 2024, les mestres van guardar el ous i al mes de febrer del&hellip;  <a href=\"https:\/\/agora.xtec.cat\/ceipgranullarius\/general\/i5-els-cucs-de-seda\/\" title=\"Read I5 &#8211; Els cucs de seda\">Llegeix m\u00e9s\u00bb<\/a><\/p>\n","protected":false},"author":1,"featured_media":0,"comment_status":"open","ping_status":"open","sticky":false,"template":"","format":"standard","meta":{"_bbp_topic_count":0,"_bbp_reply_count":0,"_bbp_total_topic_count":0,"_bbp_total_reply_count":0,"_bbp_voice_count":0,"_bbp_anonymous_reply_count":0,"_bbp_topic_count_hidden":0,"_bbp_reply_count_hidden":0,"_bbp_forum_subforum_count":0,"footnotes":""},"categories":[2,51,1,9,4,53],"tags":[],"class_list":["post-4598","post","type-post","status-publish","format-standard","hentry","category-educacio-infantil","category-escola","category-general","category-i5","category-portada","category-projectes"],"post_mailing_queue_ids":[],"_links":{"self":[{"href":"https:\/\/agora.xtec.cat\/ceipgranullarius\/wp-json\/wp\/v2\/posts\/4598","targetHints":{"allow":["GET"]}}],"collection":[{"href":"https:\/\/agora.xtec.cat\/ceipgranullarius\/wp-json\/wp\/v2\/posts"}],"about":[{"href":"https:\/\/agora.xtec.cat\/ceipgranullarius\/wp-json\/wp\/v2\/types\/post"}],"author":[{"embeddable":true,"href":"https:\/\/agora.xtec.cat\/ceipgranullarius\/wp-json\/wp\/v2\/users\/1"}],"replies":[{"embeddable":true,"href":"https:\/\/agora.xtec.cat\/ceipgranullarius\/wp-json\/wp\/v2\/comments?post=4598"}],"version-history":[{"count":1,"href":"https:\/\/agora.xtec.cat\/ceipgranullarius\/wp-json\/wp\/v2\/posts\/4598\/revisions"}],"predecessor-version":[{"id":4600,"href":"https:\/\/agora.xtec.cat\/ceipgranullarius\/wp-json\/wp\/v2\/posts\/4598\/revisions\/4600"}],"wp:attachment":[{"href":"https:\/\/agora.xtec.cat\/ceipgranullarius\/wp-json\/wp\/v2\/media?parent=4598"}],"wp:term":[{"taxonomy":"category","embeddable":true,"href":"https:\/\/agora.xtec.cat\/ceipgranullarius\/wp-json\/wp\/v2\/categories?post=4598"},{"taxonomy":"post_tag","embeddable":true,"href":"https:\/\/agora.xtec.cat\/ceipgranullarius\/wp-json\/wp\/v2\/tags?post=4598"}],"curies":[{"name":"wp","href":"https:\/\/api.w.org\/{rel}","templated":true}]}}