{"id":4595,"date":"2025-07-01T13:38:33","date_gmt":"2025-07-01T11:38:33","guid":{"rendered":"https:\/\/agora.xtec.cat\/ceipgranullarius\/?p=4595"},"modified":"2025-07-01T13:38:33","modified_gmt":"2025-07-01T11:38:33","slug":"6e-colonies-a-oliola","status":"publish","type":"post","link":"https:\/\/agora.xtec.cat\/ceipgranullarius\/general\/6e-colonies-a-oliola\/","title":{"rendered":"6\u00e8 &#8211; Col\u00f2nies a Oliola"},"content":{"rendered":"<p><img loading=\"lazy\" decoding=\"async\" class=\"aligncenter size-large wp-image-4596\" src=\"https:\/\/agora.xtec.cat\/ceipgranullarius\/wp-content\/uploads\/usu769\/2025\/07\/PORTADA-1024x768.jpg\" alt=\"\" width=\"1024\" height=\"768\" srcset=\"https:\/\/agora.xtec.cat\/ceipgranullarius\/wp-content\/uploads\/usu769\/2025\/07\/PORTADA-1024x768.jpg 1024w, https:\/\/agora.xtec.cat\/ceipgranullarius\/wp-content\/uploads\/usu769\/2025\/07\/PORTADA-300x225.jpg 300w, https:\/\/agora.xtec.cat\/ceipgranullarius\/wp-content\/uploads\/usu769\/2025\/07\/PORTADA-768x576.jpg 768w, https:\/\/agora.xtec.cat\/ceipgranullarius\/wp-content\/uploads\/usu769\/2025\/07\/PORTADA-1536x1152.jpg 1536w, https:\/\/agora.xtec.cat\/ceipgranullarius\/wp-content\/uploads\/usu769\/2025\/07\/PORTADA-200x150.jpg 200w, https:\/\/agora.xtec.cat\/ceipgranullarius\/wp-content\/uploads\/usu769\/2025\/07\/PORTADA.jpg 2048w\" sizes=\"auto, (max-width: 1024px) 100vw, 1024px\" \/><\/p>\n<p align=\"left\"><b>Els i les alumnes de 6\u00e8 gaudeixen d\u2019unes col\u00f2nies plenes d\u2019aventures a Oliola<\/b><\/p>\n<p align=\"justify\">Els dies 14, 15 i 16 de maig, l\u2019alumnat de 6\u00e8 va viure una experi\u00e8ncia inoblidable a Oliola, un petit poble de la prov\u00edncia de Lleida, on van fer les col\u00f2nies de final d\u2019etapa. Van ser tres dies intensos, plens d\u2019activitats esportives i de conviv\u00e8ncia que els van permetre connectar amb la natura i refor\u00e7ar els vincles com a grup.<\/p>\n<p align=\"justify\">Al llarg de l\u2019estada, van tenir l\u2019oportunitat de practicar caiac al pant\u00e0 de Rialb, fer r\u00e0fting, escalar, rec\u00f3rrer camins en bicicleta i provar la punteria amb el tir amb arc. A m\u00e9s, les nits tamb\u00e9 van estar carregades de diversi\u00f3: la primera amb una activitat per equips i la segona amb una festa amb m\u00fasica i ball.<\/p>\n<p align=\"justify\">Van ser unes col\u00f2nies plenes d\u2019emocions, companyia i bons moments. Una experi\u00e8ncia que, sens dubte, recordaran amb molta il\u00b7lusi\u00f3!<\/p>\n<p><a href=\"https:\/\/photos.app.goo.gl\/b9LScu7A4ABYRmU98\">Fotos<\/a><\/p>\n","protected":false},"excerpt":{"rendered":"<p>Els i les alumnes de 6\u00e8 gaudeixen d\u2019unes col\u00f2nies plenes d\u2019aventures a Oliola<br \/>\nEls dies 14, 15 i 16 de maig, l\u2019alumnat de 6\u00e8 va viure una experi\u00e8ncia inoblidable a Oliola, un petit poble de la prov\u00edncia de Lleida, on van fer les col\u00f2nies de final&hellip;  <a href=\"https:\/\/agora.xtec.cat\/ceipgranullarius\/general\/6e-colonies-a-oliola\/\" title=\"Read 6\u00e8 &#8211; Col\u00f2nies a Oliola\">Llegeix m\u00e9s\u00bb<\/a><\/p>\n","protected":false},"author":1,"featured_media":0,"comment_status":"open","ping_status":"open","sticky":false,"template":"","format":"standard","meta":{"_bbp_topic_count":0,"_bbp_reply_count":0,"_bbp_total_topic_count":0,"_bbp_total_reply_count":0,"_bbp_voice_count":0,"_bbp_anonymous_reply_count":0,"_bbp_topic_count_hidden":0,"_bbp_reply_count_hidden":0,"_bbp_forum_subforum_count":0,"footnotes":""},"categories":[15,50,63,51,1,4],"tags":[],"class_list":["post-4595","post","type-post","status-publish","format-standard","hentry","category-6e","category-cicle-superior","category-educacio-primaria","category-escola","category-general","category-portada"],"post_mailing_queue_ids":[],"_links":{"self":[{"href":"https:\/\/agora.xtec.cat\/ceipgranullarius\/wp-json\/wp\/v2\/posts\/4595","targetHints":{"allow":["GET"]}}],"collection":[{"href":"https:\/\/agora.xtec.cat\/ceipgranullarius\/wp-json\/wp\/v2\/posts"}],"about":[{"href":"https:\/\/agora.xtec.cat\/ceipgranullarius\/wp-json\/wp\/v2\/types\/post"}],"author":[{"embeddable":true,"href":"https:\/\/agora.xtec.cat\/ceipgranullarius\/wp-json\/wp\/v2\/users\/1"}],"replies":[{"embeddable":true,"href":"https:\/\/agora.xtec.cat\/ceipgranullarius\/wp-json\/wp\/v2\/comments?post=4595"}],"version-history":[{"count":1,"href":"https:\/\/agora.xtec.cat\/ceipgranullarius\/wp-json\/wp\/v2\/posts\/4595\/revisions"}],"predecessor-version":[{"id":4597,"href":"https:\/\/agora.xtec.cat\/ceipgranullarius\/wp-json\/wp\/v2\/posts\/4595\/revisions\/4597"}],"wp:attachment":[{"href":"https:\/\/agora.xtec.cat\/ceipgranullarius\/wp-json\/wp\/v2\/media?parent=4595"}],"wp:term":[{"taxonomy":"category","embeddable":true,"href":"https:\/\/agora.xtec.cat\/ceipgranullarius\/wp-json\/wp\/v2\/categories?post=4595"},{"taxonomy":"post_tag","embeddable":true,"href":"https:\/\/agora.xtec.cat\/ceipgranullarius\/wp-json\/wp\/v2\/tags?post=4595"}],"curies":[{"name":"wp","href":"https:\/\/api.w.org\/{rel}","templated":true}]}}