{"id":4579,"date":"2025-04-29T15:05:47","date_gmt":"2025-04-29T13:05:47","guid":{"rendered":"https:\/\/agora.xtec.cat\/ceipgranullarius\/?p=4579"},"modified":"2025-04-29T15:05:47","modified_gmt":"2025-04-29T13:05:47","slug":"visita-a-leulalia-canal-a-lescola","status":"publish","type":"post","link":"https:\/\/agora.xtec.cat\/ceipgranullarius\/general\/visita-a-leulalia-canal-a-lescola\/","title":{"rendered":"Visita a l&#8217;Eul\u00e0lia Canal a l&#8217;escola"},"content":{"rendered":"<p><img loading=\"lazy\" decoding=\"async\" class=\"aligncenter size-large wp-image-4581\" src=\"https:\/\/agora.xtec.cat\/ceipgranullarius\/wp-content\/uploads\/usu769\/2025\/04\/Copia-de-IMG_1873-1-768x1024.jpg\" alt=\"\" width=\"768\" height=\"1024\" srcset=\"https:\/\/agora.xtec.cat\/ceipgranullarius\/wp-content\/uploads\/usu769\/2025\/04\/Copia-de-IMG_1873-1-768x1024.jpg 768w, https:\/\/agora.xtec.cat\/ceipgranullarius\/wp-content\/uploads\/usu769\/2025\/04\/Copia-de-IMG_1873-1-225x300.jpg 225w, https:\/\/agora.xtec.cat\/ceipgranullarius\/wp-content\/uploads\/usu769\/2025\/04\/Copia-de-IMG_1873-1-1152x1536.jpg 1152w, https:\/\/agora.xtec.cat\/ceipgranullarius\/wp-content\/uploads\/usu769\/2025\/04\/Copia-de-IMG_1873-1-1536x2048.jpg 1536w, https:\/\/agora.xtec.cat\/ceipgranullarius\/wp-content\/uploads\/usu769\/2025\/04\/Copia-de-IMG_1873-1-scaled.jpg 1920w\" sizes=\"auto, (max-width: 768px) 100vw, 768px\" \/><\/p>\n<p><span style=\"font-weight: 400;\">Avui hem tingut la sort de rebre a l\u2019escola l\u2019escriptora del llibre que ens hem llegit els grups de 4t aquest trimestre, l&#8217;Eul\u00e0lia Canal.\u00a0<\/span><\/p>\n<p><span style=\"font-weight: 400;\">Est\u00e0vem impacients de rebre-la, ja que ens ha agradat molt llegir el llibre de la Palangana! Despr\u00e9s de fer-li una s\u00e8rie de preguntes (preparades pr\u00e8viament) i d\u2019altres espont\u00e0nies, l\u2019Eul\u00e0lia ens ha signat els llibres amb dedicat\u00f2ries personalitzades!<\/span><\/p>\n<p><span style=\"font-weight: 400;\">A reveure Eul\u00e0lia Canal!<\/span><\/p>\n<p><a href=\"https:\/\/photos.app.goo.gl\/NVUarxoxKUh9S1W99\">Fotos<\/a><\/p>\n","protected":false},"excerpt":{"rendered":"<p>Avui hem tingut la sort de rebre a l\u2019escola l\u2019escriptora del llibre que ens hem llegit els grups de 4t aquest trimestre, l&#8217;Eul\u00e0lia Canal.\u00a0<br \/>\nEst\u00e0vem impacients de rebre-la, ja que ens ha agradat molt llegir el llibre de la Palangana! Despr\u00e9s de fer-li una s\u00e8rie de&hellip;  <a href=\"https:\/\/agora.xtec.cat\/ceipgranullarius\/general\/visita-a-leulalia-canal-a-lescola\/\" title=\"Read Visita a l&#8217;Eul\u00e0lia Canal a l&#8217;escola\">Llegeix m\u00e9s\u00bb<\/a><\/p>\n","protected":false},"author":1,"featured_media":0,"comment_status":"open","ping_status":"closed","sticky":false,"template":"","format":"standard","meta":{"_bbp_topic_count":0,"_bbp_reply_count":0,"_bbp_total_topic_count":0,"_bbp_total_reply_count":0,"_bbp_voice_count":0,"_bbp_anonymous_reply_count":0,"_bbp_topic_count_hidden":0,"_bbp_reply_count_hidden":0,"_bbp_forum_subforum_count":0,"footnotes":""},"categories":[13,49,63,51,1,4,53],"tags":[],"class_list":["post-4579","post","type-post","status-publish","format-standard","hentry","category-4t","category-cicle-mitja","category-educacio-primaria","category-escola","category-general","category-portada","category-projectes"],"post_mailing_queue_ids":[],"_links":{"self":[{"href":"https:\/\/agora.xtec.cat\/ceipgranullarius\/wp-json\/wp\/v2\/posts\/4579","targetHints":{"allow":["GET"]}}],"collection":[{"href":"https:\/\/agora.xtec.cat\/ceipgranullarius\/wp-json\/wp\/v2\/posts"}],"about":[{"href":"https:\/\/agora.xtec.cat\/ceipgranullarius\/wp-json\/wp\/v2\/types\/post"}],"author":[{"embeddable":true,"href":"https:\/\/agora.xtec.cat\/ceipgranullarius\/wp-json\/wp\/v2\/users\/1"}],"replies":[{"embeddable":true,"href":"https:\/\/agora.xtec.cat\/ceipgranullarius\/wp-json\/wp\/v2\/comments?post=4579"}],"version-history":[{"count":1,"href":"https:\/\/agora.xtec.cat\/ceipgranullarius\/wp-json\/wp\/v2\/posts\/4579\/revisions"}],"predecessor-version":[{"id":4582,"href":"https:\/\/agora.xtec.cat\/ceipgranullarius\/wp-json\/wp\/v2\/posts\/4579\/revisions\/4582"}],"wp:attachment":[{"href":"https:\/\/agora.xtec.cat\/ceipgranullarius\/wp-json\/wp\/v2\/media?parent=4579"}],"wp:term":[{"taxonomy":"category","embeddable":true,"href":"https:\/\/agora.xtec.cat\/ceipgranullarius\/wp-json\/wp\/v2\/categories?post=4579"},{"taxonomy":"post_tag","embeddable":true,"href":"https:\/\/agora.xtec.cat\/ceipgranullarius\/wp-json\/wp\/v2\/tags?post=4579"}],"curies":[{"name":"wp","href":"https:\/\/api.w.org\/{rel}","templated":true}]}}