{"id":4575,"date":"2025-04-29T14:53:52","date_gmt":"2025-04-29T12:53:52","guid":{"rendered":"https:\/\/agora.xtec.cat\/ceipgranullarius\/?p=4575"},"modified":"2025-04-29T14:53:52","modified_gmt":"2025-04-29T12:53:52","slug":"4t-colonies-25","status":"publish","type":"post","link":"https:\/\/agora.xtec.cat\/ceipgranullarius\/general\/4t-colonies-25\/","title":{"rendered":"4t &#8211; Col\u00f2nies 25&#8242;"},"content":{"rendered":"<p><img loading=\"lazy\" decoding=\"async\" class=\"aligncenter size-large wp-image-4577\" src=\"https:\/\/agora.xtec.cat\/ceipgranullarius\/wp-content\/uploads\/usu769\/2025\/04\/IMG_1721-1-1024x768.jpg\" alt=\"\" width=\"1024\" height=\"768\" \/><\/p>\n<p><span style=\"font-weight: 400;\">Els nens i nenes de 4t hem anat de col\u00f2nies a l\u2019Estartit, a la casa Marcel Maillot, situada molt a prop de la platja. Hem fet moltes activitats; com s\u00f3n anar amb vaixell a les Illes Medes, jugar a la platja, fer un taller de nusos mariners i llan\u00e7ar-nos per una tirolina. A la nit vam fer un joc de nit i vam ballar a la discoteca!\u00a0<\/span><\/p>\n<p><span style=\"font-weight: 400;\">Aqu\u00ed teniu un recull de fotos de tots aquests moments tan divertits i especials. Ens ho hem passat s\u00faper b\u00e9!<\/span><\/p>\n<p><a href=\"https:\/\/photos.app.goo.gl\/gGpdebGCDrRoAeio9\">Fotos<\/a><\/p>\n","protected":false},"excerpt":{"rendered":"<p>Els nens i nenes de 4t hem anat de col\u00f2nies a l\u2019Estartit, a la casa Marcel Maillot, situada molt a prop de la platja. Hem fet moltes activitats; com s\u00f3n anar amb vaixell a les Illes Medes, jugar a la platja, fer un taller de&hellip;  <a href=\"https:\/\/agora.xtec.cat\/ceipgranullarius\/general\/4t-colonies-25\/\" title=\"Read 4t &#8211; Col\u00f2nies 25&#8242;\">Llegeix m\u00e9s\u00bb<\/a><\/p>\n","protected":false},"author":1,"featured_media":0,"comment_status":"open","ping_status":"closed","sticky":false,"template":"","format":"standard","meta":{"_bbp_topic_count":0,"_bbp_reply_count":0,"_bbp_total_topic_count":0,"_bbp_total_reply_count":0,"_bbp_voice_count":0,"_bbp_anonymous_reply_count":0,"_bbp_topic_count_hidden":0,"_bbp_reply_count_hidden":0,"_bbp_forum_subforum_count":0,"footnotes":""},"categories":[13,49,63,51,1,4],"tags":[],"class_list":["post-4575","post","type-post","status-publish","format-standard","hentry","category-4t","category-cicle-mitja","category-educacio-primaria","category-escola","category-general","category-portada"],"post_mailing_queue_ids":[],"_links":{"self":[{"href":"https:\/\/agora.xtec.cat\/ceipgranullarius\/wp-json\/wp\/v2\/posts\/4575","targetHints":{"allow":["GET"]}}],"collection":[{"href":"https:\/\/agora.xtec.cat\/ceipgranullarius\/wp-json\/wp\/v2\/posts"}],"about":[{"href":"https:\/\/agora.xtec.cat\/ceipgranullarius\/wp-json\/wp\/v2\/types\/post"}],"author":[{"embeddable":true,"href":"https:\/\/agora.xtec.cat\/ceipgranullarius\/wp-json\/wp\/v2\/users\/1"}],"replies":[{"embeddable":true,"href":"https:\/\/agora.xtec.cat\/ceipgranullarius\/wp-json\/wp\/v2\/comments?post=4575"}],"version-history":[{"count":1,"href":"https:\/\/agora.xtec.cat\/ceipgranullarius\/wp-json\/wp\/v2\/posts\/4575\/revisions"}],"predecessor-version":[{"id":4578,"href":"https:\/\/agora.xtec.cat\/ceipgranullarius\/wp-json\/wp\/v2\/posts\/4575\/revisions\/4578"}],"wp:attachment":[{"href":"https:\/\/agora.xtec.cat\/ceipgranullarius\/wp-json\/wp\/v2\/media?parent=4575"}],"wp:term":[{"taxonomy":"category","embeddable":true,"href":"https:\/\/agora.xtec.cat\/ceipgranullarius\/wp-json\/wp\/v2\/categories?post=4575"},{"taxonomy":"post_tag","embeddable":true,"href":"https:\/\/agora.xtec.cat\/ceipgranullarius\/wp-json\/wp\/v2\/tags?post=4575"}],"curies":[{"name":"wp","href":"https:\/\/api.w.org\/{rel}","templated":true}]}}