{"id":4570,"date":"2025-04-22T15:10:06","date_gmt":"2025-04-22T13:10:06","guid":{"rendered":"https:\/\/agora.xtec.cat\/ceipgranullarius\/?p=4570"},"modified":"2025-04-22T15:10:06","modified_gmt":"2025-04-22T13:10:06","slug":"5e-propera-parada-les-pantalles","status":"publish","type":"post","link":"https:\/\/agora.xtec.cat\/ceipgranullarius\/general\/5e-propera-parada-les-pantalles\/","title":{"rendered":"5\u00e8 PROPERA PARADA LES PANTALLES"},"content":{"rendered":"<p><img loading=\"lazy\" decoding=\"async\" class=\"aligncenter size-large wp-image-4571\" src=\"https:\/\/agora.xtec.cat\/ceipgranullarius\/wp-content\/uploads\/usu769\/2025\/04\/0.-Portada-1024x768.jpg\" alt=\"\" width=\"1024\" height=\"768\" srcset=\"https:\/\/agora.xtec.cat\/ceipgranullarius\/wp-content\/uploads\/usu769\/2025\/04\/0.-Portada-1024x768.jpg 1024w, https:\/\/agora.xtec.cat\/ceipgranullarius\/wp-content\/uploads\/usu769\/2025\/04\/0.-Portada-300x225.jpg 300w, https:\/\/agora.xtec.cat\/ceipgranullarius\/wp-content\/uploads\/usu769\/2025\/04\/0.-Portada-768x576.jpg 768w, https:\/\/agora.xtec.cat\/ceipgranullarius\/wp-content\/uploads\/usu769\/2025\/04\/0.-Portada-1536x1152.jpg 1536w, https:\/\/agora.xtec.cat\/ceipgranullarius\/wp-content\/uploads\/usu769\/2025\/04\/0.-Portada-2048x1536.jpg 2048w, https:\/\/agora.xtec.cat\/ceipgranullarius\/wp-content\/uploads\/usu769\/2025\/04\/0.-Portada-200x150.jpg 200w\" sizes=\"auto, (max-width: 1024px) 100vw, 1024px\" \/><\/p>\n<p><span style=\"font-weight: 400;\">El passat dimecres nou d\u2019abril\u00a0 vam tenir una xerrada molt interessant amb la Laura sobre l\u2019\u00fas (i ab\u00fas) de les pantalles. Ens va parlar de com les pantalles poden generar dopamina i de com aix\u00f2 pot portar-nos a fer-ne un \u00fas excessiu si no en som conscients. Ens va fer reflexionar sobre la import\u00e0ncia d\u2019aprendre a utilitzar-les de manera responsable.<\/span><\/p>\n<p><span style=\"font-weight: 400;\">Tamb\u00e9 vam parlar dels videojocs als quals juguem habitualment. Vam compartir experi\u00e8ncies i vam adonar-nos que, de vegades, juguem a jocs que potser no s\u00f3n del tot adequats per a la nostra edat.<\/span><\/p>\n<p><span style=\"font-weight: 400;\">Per acabar, vam analitzar casos reals de nens i nenes de la nostra edat, observant els seus horaris i comprovant la gran quantitat d\u2019hores que passen davant d\u2019una pantalla. Aix\u00f2 ens va ajudar a ser m\u00e9s conscients del nostre propi \u00fas i a plantejar-nos si podr\u00edem fer canvis per millorar.<\/span><\/p>\n<p><span style=\"font-weight: 400;\">Moltes gr\u00e0cies, Laura (@lateranyinagrn) per fer-nos pensar sobre aquest tema tan important avui dia. Ens has ajudat a obrir els ulls i a valorar la import\u00e0ncia de fer un \u00fas saludable de les pantalles.<\/span><\/p>\n<p><a href=\"https:\/\/photos.app.goo.gl\/4jK5Xjx8KwdC2Pzv7\">Fotos<\/a><\/p>\n","protected":false},"excerpt":{"rendered":"<p>El passat dimecres nou d\u2019abril\u00a0 vam tenir una xerrada molt interessant amb la Laura sobre l\u2019\u00fas (i ab\u00fas) de les pantalles. Ens va parlar de com les pantalles poden generar dopamina i de com aix\u00f2 pot portar-nos a fer-ne un \u00fas excessiu si no en&hellip;  <a href=\"https:\/\/agora.xtec.cat\/ceipgranullarius\/general\/5e-propera-parada-les-pantalles\/\" title=\"Read 5\u00e8 PROPERA PARADA LES PANTALLES\">Llegeix m\u00e9s\u00bb<\/a><\/p>\n","protected":false},"author":1,"featured_media":0,"comment_status":"open","ping_status":"closed","sticky":false,"template":"","format":"standard","meta":{"_bbp_topic_count":0,"_bbp_reply_count":0,"_bbp_total_topic_count":0,"_bbp_total_reply_count":0,"_bbp_voice_count":0,"_bbp_anonymous_reply_count":0,"_bbp_topic_count_hidden":0,"_bbp_reply_count_hidden":0,"_bbp_forum_subforum_count":0,"footnotes":""},"categories":[14,50,63,51,1,4],"tags":[],"class_list":["post-4570","post","type-post","status-publish","format-standard","hentry","category-5e","category-cicle-superior","category-educacio-primaria","category-escola","category-general","category-portada"],"post_mailing_queue_ids":[],"_links":{"self":[{"href":"https:\/\/agora.xtec.cat\/ceipgranullarius\/wp-json\/wp\/v2\/posts\/4570","targetHints":{"allow":["GET"]}}],"collection":[{"href":"https:\/\/agora.xtec.cat\/ceipgranullarius\/wp-json\/wp\/v2\/posts"}],"about":[{"href":"https:\/\/agora.xtec.cat\/ceipgranullarius\/wp-json\/wp\/v2\/types\/post"}],"author":[{"embeddable":true,"href":"https:\/\/agora.xtec.cat\/ceipgranullarius\/wp-json\/wp\/v2\/users\/1"}],"replies":[{"embeddable":true,"href":"https:\/\/agora.xtec.cat\/ceipgranullarius\/wp-json\/wp\/v2\/comments?post=4570"}],"version-history":[{"count":1,"href":"https:\/\/agora.xtec.cat\/ceipgranullarius\/wp-json\/wp\/v2\/posts\/4570\/revisions"}],"predecessor-version":[{"id":4572,"href":"https:\/\/agora.xtec.cat\/ceipgranullarius\/wp-json\/wp\/v2\/posts\/4570\/revisions\/4572"}],"wp:attachment":[{"href":"https:\/\/agora.xtec.cat\/ceipgranullarius\/wp-json\/wp\/v2\/media?parent=4570"}],"wp:term":[{"taxonomy":"category","embeddable":true,"href":"https:\/\/agora.xtec.cat\/ceipgranullarius\/wp-json\/wp\/v2\/categories?post=4570"},{"taxonomy":"post_tag","embeddable":true,"href":"https:\/\/agora.xtec.cat\/ceipgranullarius\/wp-json\/wp\/v2\/tags?post=4570"}],"curies":[{"name":"wp","href":"https:\/\/api.w.org\/{rel}","templated":true}]}}