{"id":4564,"date":"2025-04-11T15:11:39","date_gmt":"2025-04-11T13:11:39","guid":{"rendered":"https:\/\/agora.xtec.cat\/ceipgranullarius\/?p=4564"},"modified":"2025-04-11T15:11:39","modified_gmt":"2025-04-11T13:11:39","slug":"i5-conte-bernat-lamoinat-o-menjacabories-projecte-batega","status":"publish","type":"post","link":"https:\/\/agora.xtec.cat\/ceipgranullarius\/general\/i5-conte-bernat-lamoinat-o-menjacabories-projecte-batega\/","title":{"rendered":"I5 &#8211; Conte Bernat l&#8217;amo\u00efnat o menjacab\u00f2ries \/ Projecte Batega"},"content":{"rendered":"<p><img loading=\"lazy\" decoding=\"async\" class=\"aligncenter size-large wp-image-4565\" src=\"https:\/\/agora.xtec.cat\/ceipgranullarius\/wp-content\/uploads\/usu769\/2025\/04\/PORTADA-888x1024.jpg\" alt=\"\" width=\"888\" height=\"1024\" srcset=\"https:\/\/agora.xtec.cat\/ceipgranullarius\/wp-content\/uploads\/usu769\/2025\/04\/PORTADA-888x1024.jpg 888w, https:\/\/agora.xtec.cat\/ceipgranullarius\/wp-content\/uploads\/usu769\/2025\/04\/PORTADA-260x300.jpg 260w, https:\/\/agora.xtec.cat\/ceipgranullarius\/wp-content\/uploads\/usu769\/2025\/04\/PORTADA-768x885.jpg 768w, https:\/\/agora.xtec.cat\/ceipgranullarius\/wp-content\/uploads\/usu769\/2025\/04\/PORTADA-1333x1536.jpg 1333w, https:\/\/agora.xtec.cat\/ceipgranullarius\/wp-content\/uploads\/usu769\/2025\/04\/PORTADA.jpg 1416w\" sizes=\"auto, (max-width: 888px) 100vw, 888px\" \/><\/p>\n<p align=\"left\"><span style=\"font-size: medium;\">El treball de les emocions a trav\u00e9s dels contes, permet als infants recon\u00e8ixer-les, identificar-les i posar-li nom.I aix\u00ed d&#8217;aquesta manera poden aprendre a acceptar-les i controlar-les.<\/span><\/p>\n<p align=\"left\"><span style=\"font-size: medium;\">A I5 hem treballat la <\/span><span style=\"font-size: medium;\"><b>por<\/b><\/span><span style=\"font-size: medium;\"> a trav\u00e9s del conte &#8220;<\/span><span style=\"font-size: medium;\"><b>Bernat l&#8217;amo\u00efnat o el Menjacab\u00f2ries<\/b><\/span><span style=\"font-size: medium;\">&#8221; d&#8217;<\/span><span style=\"font-size: medium;\"><b>Anthony Browne.<\/b><\/span><\/p>\n<p align=\"left\"><span style=\"font-size: medium;\">La classe dels i les Cometes i la classe de les Estrelles despr\u00e9s d&#8217;escoltar el conte i verbalitzar en un cercle de paraula,<\/span><span style=\"font-size: medium;\"><b>que els fa por,<\/b><\/span><span style=\"font-size: medium;\"> han fet el seu Menjacab\u00f2ries (anomenat en castell\u00e0 &#8220;Quitapenas&#8221;). Cada infant l&#8217;ha fet al seu gust, vestint-lo amb retalls de roba. I tamb\u00e9 han decorat el seu llitet o sac de dormir. Despr\u00e9s han explicat a cau d&#8217;orella al Menjacab\u00f2ries quina era la seva por, la seva preocupaci\u00f3 o la seva pena. <\/span><\/p>\n<p align=\"left\"><span style=\"font-size: medium;\">A casa, cada nit abans d&#8217;anar a dormir, poden compartir amb el Menjacab\u00f2ries les seves pors i posar-lo sota el coix\u00ed o a la tauleta de nit i dormir tranquils i descansar.<\/span><\/p>\n<p align=\"left\"><span style=\"font-size: medium;\">Si teniu alguna por o preocupaci\u00f3 que no us deixa dormir, us convidem a fer un Menjacab\u00f2ries.<\/span><\/p>\n<p><a href=\"https:\/\/photos.app.goo.gl\/Qrw766p1t59M6Hy9A\">Fotos<\/a><\/p>\n","protected":false},"excerpt":{"rendered":"<p>El treball de les emocions a trav\u00e9s dels contes, permet als infants recon\u00e8ixer-les, identificar-les i posar-li nom.I aix\u00ed d&#8217;aquesta manera poden aprendre a acceptar-les i controlar-les.<br \/>\nA I5 hem treballat la por a trav\u00e9s del conte &#8220;Bernat l&#8217;amo\u00efnat o el Menjacab\u00f2ries&#8221; d&#8217;Anthony Browne.<br \/>\nLa classe dels i&hellip;  <a href=\"https:\/\/agora.xtec.cat\/ceipgranullarius\/general\/i5-conte-bernat-lamoinat-o-menjacabories-projecte-batega\/\" title=\"Read I5 &#8211; Conte Bernat l&#8217;amo\u00efnat o menjacab\u00f2ries \/ Projecte Batega\">Llegeix m\u00e9s\u00bb<\/a><\/p>\n","protected":false},"author":1,"featured_media":0,"comment_status":"open","ping_status":"closed","sticky":false,"template":"","format":"standard","meta":{"_bbp_topic_count":0,"_bbp_reply_count":0,"_bbp_total_topic_count":0,"_bbp_total_reply_count":0,"_bbp_voice_count":0,"_bbp_anonymous_reply_count":0,"_bbp_topic_count_hidden":0,"_bbp_reply_count_hidden":0,"_bbp_forum_subforum_count":0,"footnotes":""},"categories":[2,51,1,9,4,53],"tags":[],"class_list":["post-4564","post","type-post","status-publish","format-standard","hentry","category-educacio-infantil","category-escola","category-general","category-i5","category-portada","category-projectes"],"post_mailing_queue_ids":[],"_links":{"self":[{"href":"https:\/\/agora.xtec.cat\/ceipgranullarius\/wp-json\/wp\/v2\/posts\/4564","targetHints":{"allow":["GET"]}}],"collection":[{"href":"https:\/\/agora.xtec.cat\/ceipgranullarius\/wp-json\/wp\/v2\/posts"}],"about":[{"href":"https:\/\/agora.xtec.cat\/ceipgranullarius\/wp-json\/wp\/v2\/types\/post"}],"author":[{"embeddable":true,"href":"https:\/\/agora.xtec.cat\/ceipgranullarius\/wp-json\/wp\/v2\/users\/1"}],"replies":[{"embeddable":true,"href":"https:\/\/agora.xtec.cat\/ceipgranullarius\/wp-json\/wp\/v2\/comments?post=4564"}],"version-history":[{"count":1,"href":"https:\/\/agora.xtec.cat\/ceipgranullarius\/wp-json\/wp\/v2\/posts\/4564\/revisions"}],"predecessor-version":[{"id":4566,"href":"https:\/\/agora.xtec.cat\/ceipgranullarius\/wp-json\/wp\/v2\/posts\/4564\/revisions\/4566"}],"wp:attachment":[{"href":"https:\/\/agora.xtec.cat\/ceipgranullarius\/wp-json\/wp\/v2\/media?parent=4564"}],"wp:term":[{"taxonomy":"category","embeddable":true,"href":"https:\/\/agora.xtec.cat\/ceipgranullarius\/wp-json\/wp\/v2\/categories?post=4564"},{"taxonomy":"post_tag","embeddable":true,"href":"https:\/\/agora.xtec.cat\/ceipgranullarius\/wp-json\/wp\/v2\/tags?post=4564"}],"curies":[{"name":"wp","href":"https:\/\/api.w.org\/{rel}","templated":true}]}}