{"id":4561,"date":"2025-04-09T13:00:07","date_gmt":"2025-04-09T11:00:07","guid":{"rendered":"https:\/\/agora.xtec.cat\/ceipgranullarius\/?p=4561"},"modified":"2025-04-09T13:00:07","modified_gmt":"2025-04-09T11:00:07","slug":"ci-curset-de-natacio","status":"publish","type":"post","link":"https:\/\/agora.xtec.cat\/ceipgranullarius\/general\/ci-curset-de-natacio\/","title":{"rendered":"CI- Curset de nataci\u00f3"},"content":{"rendered":"<p><img loading=\"lazy\" decoding=\"async\" class=\"aligncenter size-large wp-image-4562\" src=\"https:\/\/agora.xtec.cat\/ceipgranullarius\/wp-content\/uploads\/usu769\/2025\/04\/IMG_20250221_113134-1-461x1024.jpg\" alt=\"\" width=\"461\" height=\"1024\" srcset=\"https:\/\/agora.xtec.cat\/ceipgranullarius\/wp-content\/uploads\/usu769\/2025\/04\/IMG_20250221_113134-1-461x1024.jpg 461w, https:\/\/agora.xtec.cat\/ceipgranullarius\/wp-content\/uploads\/usu769\/2025\/04\/IMG_20250221_113134-1-135x300.jpg 135w, https:\/\/agora.xtec.cat\/ceipgranullarius\/wp-content\/uploads\/usu769\/2025\/04\/IMG_20250221_113134-1-768x1707.jpg 768w, https:\/\/agora.xtec.cat\/ceipgranullarius\/wp-content\/uploads\/usu769\/2025\/04\/IMG_20250221_113134-1-691x1536.jpg 691w, https:\/\/agora.xtec.cat\/ceipgranullarius\/wp-content\/uploads\/usu769\/2025\/04\/IMG_20250221_113134-1-922x2048.jpg 922w, https:\/\/agora.xtec.cat\/ceipgranullarius\/wp-content\/uploads\/usu769\/2025\/04\/IMG_20250221_113134-1-scaled.jpg 1152w\" sizes=\"auto, (max-width: 461px) 100vw, 461px\" \/><\/p>\n<p><span style=\"font-weight: 400;\">L&#8217;alumnat de Cicle Inicial va a la piscina cada setmana des de gener a maig, s\u2019ho passen superb\u00e9, per\u00f2 sobretot aprenen a nedar i sentir-se m\u00e9s segurs i segures a l\u2019aigua.<\/span><\/p>\n<p><span style=\"font-weight: 400;\">Comencen a primer i continuen a segon, en aquests dos anys agafen un molt bon nivell.<\/span><\/p>\n<p><span style=\"font-weight: 400;\">Ho fan els dimecres o el divendres, fent l\u2019activitat a l\u2019aigua en sessions de 45 minuts.\u00a0<\/span><\/p>\n<p><span style=\"font-weight: 400;\">Es treballen els h\u00e0bits i l\u2019autonomia: vestir-se i desvestir-se, pentinar-se i eixugar-se els cabells i treure i recollir les seves pertinences&#8230;\u00a0\u00a0<\/span><\/p>\n<p><span style=\"font-weight: 400;\">Aprofitem per agrair la seva col\u00b7laboraci\u00f3 a totes a les fam\u00edlies que ens acompanyen i ajuden cada setmana, sense elles seria impossible dur a terme l\u2019activitat de nataci\u00f3.<\/span><\/p>\n<p><a href=\"https:\/\/photos.app.goo.gl\/4XjhTgo2TDwAXmH29\">Fotos<\/a><\/p>\n","protected":false},"excerpt":{"rendered":"<p>L&#8217;alumnat de Cicle Inicial va a la piscina cada setmana des de gener a maig, s\u2019ho passen superb\u00e9, per\u00f2 sobretot aprenen a nedar i sentir-se m\u00e9s segurs i segures a l\u2019aigua.<br \/>\nComencen a primer i continuen a segon, en aquests dos anys agafen un molt bon&hellip;  <a href=\"https:\/\/agora.xtec.cat\/ceipgranullarius\/general\/ci-curset-de-natacio\/\" title=\"Read CI- Curset de nataci\u00f3\">Llegeix m\u00e9s\u00bb<\/a><\/p>\n","protected":false},"author":1,"featured_media":0,"comment_status":"open","ping_status":"closed","sticky":false,"template":"","format":"standard","meta":{"_bbp_topic_count":0,"_bbp_reply_count":0,"_bbp_total_topic_count":0,"_bbp_total_reply_count":0,"_bbp_voice_count":0,"_bbp_anonymous_reply_count":0,"_bbp_topic_count_hidden":0,"_bbp_reply_count_hidden":0,"_bbp_forum_subforum_count":0,"footnotes":""},"categories":[10,11,62,63,51,1,4,53],"tags":[],"class_list":["post-4561","post","type-post","status-publish","format-standard","hentry","category-1r","category-2n","category-cicle-inicial","category-educacio-primaria","category-escola","category-general","category-portada","category-projectes"],"post_mailing_queue_ids":[],"_links":{"self":[{"href":"https:\/\/agora.xtec.cat\/ceipgranullarius\/wp-json\/wp\/v2\/posts\/4561","targetHints":{"allow":["GET"]}}],"collection":[{"href":"https:\/\/agora.xtec.cat\/ceipgranullarius\/wp-json\/wp\/v2\/posts"}],"about":[{"href":"https:\/\/agora.xtec.cat\/ceipgranullarius\/wp-json\/wp\/v2\/types\/post"}],"author":[{"embeddable":true,"href":"https:\/\/agora.xtec.cat\/ceipgranullarius\/wp-json\/wp\/v2\/users\/1"}],"replies":[{"embeddable":true,"href":"https:\/\/agora.xtec.cat\/ceipgranullarius\/wp-json\/wp\/v2\/comments?post=4561"}],"version-history":[{"count":1,"href":"https:\/\/agora.xtec.cat\/ceipgranullarius\/wp-json\/wp\/v2\/posts\/4561\/revisions"}],"predecessor-version":[{"id":4563,"href":"https:\/\/agora.xtec.cat\/ceipgranullarius\/wp-json\/wp\/v2\/posts\/4561\/revisions\/4563"}],"wp:attachment":[{"href":"https:\/\/agora.xtec.cat\/ceipgranullarius\/wp-json\/wp\/v2\/media?parent=4561"}],"wp:term":[{"taxonomy":"category","embeddable":true,"href":"https:\/\/agora.xtec.cat\/ceipgranullarius\/wp-json\/wp\/v2\/categories?post=4561"},{"taxonomy":"post_tag","embeddable":true,"href":"https:\/\/agora.xtec.cat\/ceipgranullarius\/wp-json\/wp\/v2\/tags?post=4561"}],"curies":[{"name":"wp","href":"https:\/\/api.w.org\/{rel}","templated":true}]}}