{"id":4555,"date":"2025-04-04T16:28:01","date_gmt":"2025-04-04T14:28:01","guid":{"rendered":"https:\/\/agora.xtec.cat\/ceipgranullarius\/?p=4555"},"modified":"2025-04-04T16:28:01","modified_gmt":"2025-04-04T14:28:01","slug":"tenim-a-la-miriam-a-bergam","status":"publish","type":"post","link":"https:\/\/agora.xtec.cat\/ceipgranullarius\/general\/tenim-a-la-miriam-a-bergam\/","title":{"rendered":"Tenim a la M\u00edriam a Berg\u00e0m!"},"content":{"rendered":"<p><img loading=\"lazy\" decoding=\"async\" class=\"aligncenter size-large wp-image-4556\" src=\"https:\/\/agora.xtec.cat\/ceipgranullarius\/wp-content\/uploads\/usu769\/2025\/04\/Captura-de-pantalla-2025-04-04-162412-1024x769.jpg\" alt=\"\" width=\"1024\" height=\"769\" srcset=\"https:\/\/agora.xtec.cat\/ceipgranullarius\/wp-content\/uploads\/usu769\/2025\/04\/Captura-de-pantalla-2025-04-04-162412-1024x769.jpg 1024w, https:\/\/agora.xtec.cat\/ceipgranullarius\/wp-content\/uploads\/usu769\/2025\/04\/Captura-de-pantalla-2025-04-04-162412-300x225.jpg 300w, https:\/\/agora.xtec.cat\/ceipgranullarius\/wp-content\/uploads\/usu769\/2025\/04\/Captura-de-pantalla-2025-04-04-162412-768x577.jpg 768w, https:\/\/agora.xtec.cat\/ceipgranullarius\/wp-content\/uploads\/usu769\/2025\/04\/Captura-de-pantalla-2025-04-04-162412-200x150.jpg 200w, https:\/\/agora.xtec.cat\/ceipgranullarius\/wp-content\/uploads\/usu769\/2025\/04\/Captura-de-pantalla-2025-04-04-162412.jpg 1143w\" sizes=\"auto, (max-width: 1024px) 100vw, 1024px\" \/><\/p>\n<p>Aquesta setmana, la M\u00edriam Castell\u00e0, mestra de l&#8217;escola, est\u00e0 realitzant la tercera mobilitat de mestres d&#8217;aquest curs, dins el Projecte Erasmus+ ALASVO, juntament amb la Dolors, mestra de l&#8217;escola Pilar Mestres de la Roca del Vall\u00e8s.<\/p>\n<p>Podeu veure totes les imatges que est\u00e0 compartint amb nosaltres i llegir tot el que ens explica, al Google Sites d&#8217;angl\u00e8s de l&#8217;escola.<\/p>\n<p>No us ho podeu perdre!<\/p>\n","protected":false},"excerpt":{"rendered":"<p>Aquesta setmana, la M\u00edriam Castell\u00e0, mestra de l&#8217;escola, est\u00e0 realitzant la tercera mobilitat de mestres d&#8217;aquest curs, dins el Projecte Erasmus+ ALASVO, juntament amb la Dolors, mestra de l&#8217;escola Pilar Mestres de la Roca del Vall\u00e8s.<br \/>\nPodeu veure totes les imatges que est\u00e0 compartint amb nosaltres&hellip;  <a href=\"https:\/\/agora.xtec.cat\/ceipgranullarius\/general\/tenim-a-la-miriam-a-bergam\/\" title=\"Read Tenim a la M\u00edriam a Berg\u00e0m!\">Llegeix m\u00e9s\u00bb<\/a><\/p>\n","protected":false},"author":1,"featured_media":0,"comment_status":"open","ping_status":"closed","sticky":false,"template":"","format":"standard","meta":{"_bbp_topic_count":0,"_bbp_reply_count":0,"_bbp_total_topic_count":0,"_bbp_total_reply_count":0,"_bbp_voice_count":0,"_bbp_anonymous_reply_count":0,"_bbp_topic_count_hidden":0,"_bbp_reply_count_hidden":0,"_bbp_forum_subforum_count":0,"footnotes":""},"categories":[66,51,1,46,65,4,53],"tags":[],"class_list":["post-4555","post","type-post","status-publish","format-standard","hentry","category-erasmus","category-escola","category-general","category-som-escola-gep","category-internacionalitzacio-del-centre","category-portada","category-projectes"],"post_mailing_queue_ids":[],"_links":{"self":[{"href":"https:\/\/agora.xtec.cat\/ceipgranullarius\/wp-json\/wp\/v2\/posts\/4555","targetHints":{"allow":["GET"]}}],"collection":[{"href":"https:\/\/agora.xtec.cat\/ceipgranullarius\/wp-json\/wp\/v2\/posts"}],"about":[{"href":"https:\/\/agora.xtec.cat\/ceipgranullarius\/wp-json\/wp\/v2\/types\/post"}],"author":[{"embeddable":true,"href":"https:\/\/agora.xtec.cat\/ceipgranullarius\/wp-json\/wp\/v2\/users\/1"}],"replies":[{"embeddable":true,"href":"https:\/\/agora.xtec.cat\/ceipgranullarius\/wp-json\/wp\/v2\/comments?post=4555"}],"version-history":[{"count":1,"href":"https:\/\/agora.xtec.cat\/ceipgranullarius\/wp-json\/wp\/v2\/posts\/4555\/revisions"}],"predecessor-version":[{"id":4557,"href":"https:\/\/agora.xtec.cat\/ceipgranullarius\/wp-json\/wp\/v2\/posts\/4555\/revisions\/4557"}],"wp:attachment":[{"href":"https:\/\/agora.xtec.cat\/ceipgranullarius\/wp-json\/wp\/v2\/media?parent=4555"}],"wp:term":[{"taxonomy":"category","embeddable":true,"href":"https:\/\/agora.xtec.cat\/ceipgranullarius\/wp-json\/wp\/v2\/categories?post=4555"},{"taxonomy":"post_tag","embeddable":true,"href":"https:\/\/agora.xtec.cat\/ceipgranullarius\/wp-json\/wp\/v2\/tags?post=4555"}],"curies":[{"name":"wp","href":"https:\/\/api.w.org\/{rel}","templated":true}]}}