{"id":4546,"date":"2025-03-27T16:15:16","date_gmt":"2025-03-27T15:15:16","guid":{"rendered":"https:\/\/agora.xtec.cat\/ceipgranullarius\/?p=4546"},"modified":"2025-03-27T16:16:32","modified_gmt":"2025-03-27T15:16:32","slug":"mobilitat-a-riga-letonia","status":"publish","type":"post","link":"https:\/\/agora.xtec.cat\/ceipgranullarius\/general\/mobilitat-a-riga-letonia\/","title":{"rendered":"Mobilitat a Riga, Let\u00f2nia"},"content":{"rendered":"<p><img loading=\"lazy\" decoding=\"async\" class=\"aligncenter size-large wp-image-4547\" src=\"https:\/\/agora.xtec.cat\/ceipgranullarius\/wp-content\/uploads\/usu769\/2025\/03\/1742839539626-2-1024x771.jpg\" alt=\"\" width=\"1024\" height=\"771\" srcset=\"https:\/\/agora.xtec.cat\/ceipgranullarius\/wp-content\/uploads\/usu769\/2025\/03\/1742839539626-2-1024x771.jpg 1024w, https:\/\/agora.xtec.cat\/ceipgranullarius\/wp-content\/uploads\/usu769\/2025\/03\/1742839539626-2-300x226.jpg 300w, https:\/\/agora.xtec.cat\/ceipgranullarius\/wp-content\/uploads\/usu769\/2025\/03\/1742839539626-2-768x578.jpg 768w, https:\/\/agora.xtec.cat\/ceipgranullarius\/wp-content\/uploads\/usu769\/2025\/03\/1742839539626-2-1536x1157.jpg 1536w, https:\/\/agora.xtec.cat\/ceipgranullarius\/wp-content\/uploads\/usu769\/2025\/03\/1742839539626-2-2048x1542.jpg 2048w, https:\/\/agora.xtec.cat\/ceipgranullarius\/wp-content\/uploads\/usu769\/2025\/03\/1742839539626-2-200x150.jpg 200w\" sizes=\"auto, (max-width: 1024px) 100vw, 1024px\" \/><\/p>\n<p>La Concepci\u00f3, especialista d&#8217;angl\u00e8s de l&#8217;escola, est\u00e0 realitzant la mobilitat a Riga (Let\u00f2nia) dins el programa Erasmus+ ALASVO del qual formem part.<\/p>\n<p>Ja podeu llegir tot all\u00f2 que est\u00e0 fent al Google SITES d&#8217;angl\u00e8s de l&#8217;escola, pitjant la icona de dalt de la columna de la dreta de la web o fent clic al seg\u00fcent enlla\u00e7:<\/p>\n<p><a href=\"https:\/\/sites.google.com\/xtec.cat\/granullariusalasvo\/inici\">https:\/\/sites.google.com\/xtec.cat\/granullariusalasvo\/inici<\/a><\/p>\n","protected":false},"excerpt":{"rendered":"<p>La Concepci\u00f3, especialista d&#8217;angl\u00e8s de l&#8217;escola, est\u00e0 realitzant la mobilitat a Riga (Let\u00f2nia) dins el programa Erasmus+ ALASVO del qual formem part.<br \/>\nJa podeu llegir tot all\u00f2 que est\u00e0 fent al Google SITES d&#8217;angl\u00e8s de l&#8217;escola, pitjant la icona de dalt de la columna de la&hellip;  <a href=\"https:\/\/agora.xtec.cat\/ceipgranullarius\/general\/mobilitat-a-riga-letonia\/\" title=\"Read Mobilitat a Riga, Let\u00f2nia\">Llegeix m\u00e9s\u00bb<\/a><\/p>\n","protected":false},"author":1,"featured_media":0,"comment_status":"open","ping_status":"closed","sticky":false,"template":"","format":"standard","meta":{"_bbp_topic_count":0,"_bbp_reply_count":0,"_bbp_total_topic_count":0,"_bbp_total_reply_count":0,"_bbp_voice_count":0,"_bbp_anonymous_reply_count":0,"_bbp_topic_count_hidden":0,"_bbp_reply_count_hidden":0,"_bbp_forum_subforum_count":0,"footnotes":""},"categories":[2,63,66,51,1,46,65,4,53],"tags":[],"class_list":["post-4546","post","type-post","status-publish","format-standard","hentry","category-educacio-infantil","category-educacio-primaria","category-erasmus","category-escola","category-general","category-som-escola-gep","category-internacionalitzacio-del-centre","category-portada","category-projectes"],"post_mailing_queue_ids":[],"_links":{"self":[{"href":"https:\/\/agora.xtec.cat\/ceipgranullarius\/wp-json\/wp\/v2\/posts\/4546","targetHints":{"allow":["GET"]}}],"collection":[{"href":"https:\/\/agora.xtec.cat\/ceipgranullarius\/wp-json\/wp\/v2\/posts"}],"about":[{"href":"https:\/\/agora.xtec.cat\/ceipgranullarius\/wp-json\/wp\/v2\/types\/post"}],"author":[{"embeddable":true,"href":"https:\/\/agora.xtec.cat\/ceipgranullarius\/wp-json\/wp\/v2\/users\/1"}],"replies":[{"embeddable":true,"href":"https:\/\/agora.xtec.cat\/ceipgranullarius\/wp-json\/wp\/v2\/comments?post=4546"}],"version-history":[{"count":2,"href":"https:\/\/agora.xtec.cat\/ceipgranullarius\/wp-json\/wp\/v2\/posts\/4546\/revisions"}],"predecessor-version":[{"id":4549,"href":"https:\/\/agora.xtec.cat\/ceipgranullarius\/wp-json\/wp\/v2\/posts\/4546\/revisions\/4549"}],"wp:attachment":[{"href":"https:\/\/agora.xtec.cat\/ceipgranullarius\/wp-json\/wp\/v2\/media?parent=4546"}],"wp:term":[{"taxonomy":"category","embeddable":true,"href":"https:\/\/agora.xtec.cat\/ceipgranullarius\/wp-json\/wp\/v2\/categories?post=4546"},{"taxonomy":"post_tag","embeddable":true,"href":"https:\/\/agora.xtec.cat\/ceipgranullarius\/wp-json\/wp\/v2\/tags?post=4546"}],"curies":[{"name":"wp","href":"https:\/\/api.w.org\/{rel}","templated":true}]}}