{"id":4540,"date":"2025-03-24T15:46:37","date_gmt":"2025-03-24T14:46:37","guid":{"rendered":"https:\/\/agora.xtec.cat\/ceipgranullarius\/?p=4540"},"modified":"2025-03-24T15:46:37","modified_gmt":"2025-03-24T14:46:37","slug":"4t-racons-matematics-2n-trimestre","status":"publish","type":"post","link":"https:\/\/agora.xtec.cat\/ceipgranullarius\/general\/4t-racons-matematics-2n-trimestre\/","title":{"rendered":"4t- Racons matem\u00e0tics 2n trimestre"},"content":{"rendered":"<p><img loading=\"lazy\" decoding=\"async\" class=\"aligncenter size-large wp-image-4541\" src=\"https:\/\/agora.xtec.cat\/ceipgranullarius\/wp-content\/uploads\/usu769\/2025\/03\/0.-Portada-931x1024.jpeg\" alt=\"\" width=\"931\" height=\"1024\" srcset=\"https:\/\/agora.xtec.cat\/ceipgranullarius\/wp-content\/uploads\/usu769\/2025\/03\/0.-Portada-931x1024.jpeg 931w, https:\/\/agora.xtec.cat\/ceipgranullarius\/wp-content\/uploads\/usu769\/2025\/03\/0.-Portada-273x300.jpeg 273w, https:\/\/agora.xtec.cat\/ceipgranullarius\/wp-content\/uploads\/usu769\/2025\/03\/0.-Portada-768x845.jpeg 768w, https:\/\/agora.xtec.cat\/ceipgranullarius\/wp-content\/uploads\/usu769\/2025\/03\/0.-Portada-1396x1536.jpeg 1396w, https:\/\/agora.xtec.cat\/ceipgranullarius\/wp-content\/uploads\/usu769\/2025\/03\/0.-Portada.jpeg 1454w\" sizes=\"auto, (max-width: 931px) 100vw, 931px\" \/><\/p>\n<p><span style=\"font-weight: 400;\">Aquest trimestre els i les alumnes de 4t estem treballant tres racons diferents: operacions combinades, classificaci\u00f3 de triangles i divisions de dues xifres. Aix\u00ed doncs, aprenem matem\u00e0tiques de manera m\u00e9s l\u00fadica, manipulativa o digital en grups redu\u00efts que permeten una atenci\u00f3 m\u00e9s individualitzada. <\/span><\/p>\n<p><a href=\"https:\/\/photos.app.goo.gl\/sC3eiVD4NxADqDxH8\">Fotos<\/a><\/p>\n","protected":false},"excerpt":{"rendered":"<p>Aquest trimestre els i les alumnes de 4t estem treballant tres racons diferents: operacions combinades, classificaci\u00f3 de triangles i divisions de dues xifres. Aix\u00ed doncs, aprenem matem\u00e0tiques de manera m\u00e9s l\u00fadica, manipulativa o digital en grups redu\u00efts que permeten una atenci\u00f3 m\u00e9s individualitzada.<br \/>\n<a href=\"https:\/\/photos.app.goo.gl\/sC3eiVD4NxADqDxH8\">Fotos<\/a><\/p>\n","protected":false},"author":1,"featured_media":0,"comment_status":"open","ping_status":"closed","sticky":false,"template":"","format":"standard","meta":{"_bbp_topic_count":0,"_bbp_reply_count":0,"_bbp_total_topic_count":0,"_bbp_total_reply_count":0,"_bbp_voice_count":0,"_bbp_anonymous_reply_count":0,"_bbp_topic_count_hidden":0,"_bbp_reply_count_hidden":0,"_bbp_forum_subforum_count":0,"footnotes":""},"categories":[13,49,63,51,1,4,53],"tags":[],"class_list":["post-4540","post","type-post","status-publish","format-standard","hentry","category-4t","category-cicle-mitja","category-educacio-primaria","category-escola","category-general","category-portada","category-projectes"],"post_mailing_queue_ids":[],"_links":{"self":[{"href":"https:\/\/agora.xtec.cat\/ceipgranullarius\/wp-json\/wp\/v2\/posts\/4540","targetHints":{"allow":["GET"]}}],"collection":[{"href":"https:\/\/agora.xtec.cat\/ceipgranullarius\/wp-json\/wp\/v2\/posts"}],"about":[{"href":"https:\/\/agora.xtec.cat\/ceipgranullarius\/wp-json\/wp\/v2\/types\/post"}],"author":[{"embeddable":true,"href":"https:\/\/agora.xtec.cat\/ceipgranullarius\/wp-json\/wp\/v2\/users\/1"}],"replies":[{"embeddable":true,"href":"https:\/\/agora.xtec.cat\/ceipgranullarius\/wp-json\/wp\/v2\/comments?post=4540"}],"version-history":[{"count":1,"href":"https:\/\/agora.xtec.cat\/ceipgranullarius\/wp-json\/wp\/v2\/posts\/4540\/revisions"}],"predecessor-version":[{"id":4542,"href":"https:\/\/agora.xtec.cat\/ceipgranullarius\/wp-json\/wp\/v2\/posts\/4540\/revisions\/4542"}],"wp:attachment":[{"href":"https:\/\/agora.xtec.cat\/ceipgranullarius\/wp-json\/wp\/v2\/media?parent=4540"}],"wp:term":[{"taxonomy":"category","embeddable":true,"href":"https:\/\/agora.xtec.cat\/ceipgranullarius\/wp-json\/wp\/v2\/categories?post=4540"},{"taxonomy":"post_tag","embeddable":true,"href":"https:\/\/agora.xtec.cat\/ceipgranullarius\/wp-json\/wp\/v2\/tags?post=4540"}],"curies":[{"name":"wp","href":"https:\/\/api.w.org\/{rel}","templated":true}]}}