{"id":454,"date":"2017-02-15T13:30:39","date_gmt":"2017-02-15T12:30:39","guid":{"rendered":"http:\/\/agora.xtec.cat\/ceipgranullarius\/?p=454"},"modified":"2017-04-05T13:21:27","modified_gmt":"2017-04-05T11:21:27","slug":"mini-marato-de-granollers-2017","status":"publish","type":"post","link":"https:\/\/agora.xtec.cat\/ceipgranullarius\/general\/mini-marato-de-granollers-2017\/","title":{"rendered":"Mini marat\u00f3 de Granollers 2017"},"content":{"rendered":"<div>El dissabte dia 4 de febrer va tenir lloc la Mini de Granollers. Molts nens i nenes de la nostra escola hi van participar dins de les diferents categories: baldufes, prebenjamins, benjamins, alevins i infantils.<\/div>\n<div>Cal destacar les posicions en \u00a0qu\u00e8 varen arribar alguns dels nostres atletes:<\/div>\n<div><strong>Nahuel Farr\u00e0s<\/strong> : nov\u00e8 en la categoria benjam\u00ed mascul\u00ed.<\/div>\n<div><strong>Ingrid Valc\u00e1rcel<\/strong>: quarta en la categoria alev\u00ed femen\u00ed.<\/div>\n<div><strong>Ariadna Lazzaro<\/strong>: cinquena en la categoria alev\u00ed femen\u00ed.<\/div>\n<p><\/br><\/p>\n<div><\/div>\n<div style=\"text-align: center;\">A tots els que van participar: <strong>enhorabona<\/strong>!<\/div>\n<div style=\"text-align: center;\"><a href=\"https:\/\/goo.gl\/photos\/tt3sRpSijDCxnQst5\">Fes clic aqu\u00ed per veure l&#8217;\u00e0lbum de fotos.<\/a><\/div>\n","protected":false},"excerpt":{"rendered":"<p>El dissabte dia 4 de febrer va tenir lloc la Mini de Granollers. Molts nens i nenes de la nostra escola hi van participar dins de les diferents categories: baldufes, prebenjamins, benjamins, alevins i infantils.<br \/>\nCal destacar les posicions en \u00a0qu\u00e8 varen arribar alguns dels nostres&hellip;  <a href=\"https:\/\/agora.xtec.cat\/ceipgranullarius\/general\/mini-marato-de-granollers-2017\/\" title=\"Read Mini marat\u00f3 de Granollers 2017\">Llegeix m\u00e9s\u00bb<\/a><\/p>\n","protected":false},"author":1,"featured_media":0,"comment_status":"open","ping_status":"open","sticky":false,"template":"","format":"standard","meta":{"_bbp_topic_count":0,"_bbp_reply_count":0,"_bbp_total_topic_count":0,"_bbp_total_reply_count":0,"_bbp_voice_count":0,"_bbp_anonymous_reply_count":0,"_bbp_topic_count_hidden":0,"_bbp_reply_count_hidden":0,"_bbp_forum_subforum_count":0,"footnotes":""},"categories":[10,11,12,13,14,15,1,4],"tags":[],"class_list":["post-454","post","type-post","status-publish","format-standard","hentry","category-1r","category-2n","category-3r","category-4t","category-5e","category-6e","category-general","category-portada"],"post_mailing_queue_ids":[],"_links":{"self":[{"href":"https:\/\/agora.xtec.cat\/ceipgranullarius\/wp-json\/wp\/v2\/posts\/454","targetHints":{"allow":["GET"]}}],"collection":[{"href":"https:\/\/agora.xtec.cat\/ceipgranullarius\/wp-json\/wp\/v2\/posts"}],"about":[{"href":"https:\/\/agora.xtec.cat\/ceipgranullarius\/wp-json\/wp\/v2\/types\/post"}],"author":[{"embeddable":true,"href":"https:\/\/agora.xtec.cat\/ceipgranullarius\/wp-json\/wp\/v2\/users\/1"}],"replies":[{"embeddable":true,"href":"https:\/\/agora.xtec.cat\/ceipgranullarius\/wp-json\/wp\/v2\/comments?post=454"}],"version-history":[{"count":3,"href":"https:\/\/agora.xtec.cat\/ceipgranullarius\/wp-json\/wp\/v2\/posts\/454\/revisions"}],"predecessor-version":[{"id":478,"href":"https:\/\/agora.xtec.cat\/ceipgranullarius\/wp-json\/wp\/v2\/posts\/454\/revisions\/478"}],"wp:attachment":[{"href":"https:\/\/agora.xtec.cat\/ceipgranullarius\/wp-json\/wp\/v2\/media?parent=454"}],"wp:term":[{"taxonomy":"category","embeddable":true,"href":"https:\/\/agora.xtec.cat\/ceipgranullarius\/wp-json\/wp\/v2\/categories?post=454"},{"taxonomy":"post_tag","embeddable":true,"href":"https:\/\/agora.xtec.cat\/ceipgranullarius\/wp-json\/wp\/v2\/tags?post=454"}],"curies":[{"name":"wp","href":"https:\/\/api.w.org\/{rel}","templated":true}]}}