{"id":4532,"date":"2025-03-12T13:09:45","date_gmt":"2025-03-12T12:09:45","guid":{"rendered":"https:\/\/agora.xtec.cat\/ceipgranullarius\/?p=4532"},"modified":"2025-03-12T13:09:45","modified_gmt":"2025-03-12T12:09:45","slug":"representants-i-suplents-de-la-nostra-escola-al-clva","status":"publish","type":"post","link":"https:\/\/agora.xtec.cat\/ceipgranullarius\/general\/representants-i-suplents-de-la-nostra-escola-al-clva\/","title":{"rendered":"Representants i suplents de la nostra escola al CLVA"},"content":{"rendered":"<p><img loading=\"lazy\" decoding=\"async\" class=\"aligncenter size-full wp-image-4533\" src=\"https:\/\/agora.xtec.cat\/ceipgranullarius\/wp-content\/uploads\/usu769\/2025\/03\/Captura-de-pantalla-2025-03-12-130900.jpg\" alt=\"\" width=\"724\" height=\"568\" srcset=\"https:\/\/agora.xtec.cat\/ceipgranullarius\/wp-content\/uploads\/usu769\/2025\/03\/Captura-de-pantalla-2025-03-12-130900.jpg 724w, https:\/\/agora.xtec.cat\/ceipgranullarius\/wp-content\/uploads\/usu769\/2025\/03\/Captura-de-pantalla-2025-03-12-130900-300x235.jpg 300w\" sizes=\"auto, (max-width: 724px) 100vw, 724px\" \/><\/p>\n<p>Despr\u00e9s d&#8217;una selecci\u00f3 molt complicada, entre tots els voluntaris\u00a0 i totes les volunt\u00e0ries que es van presentar per a aconseguir ser el\/la finalista que represent\u00e9s a la nostra escola, les finalistes han estat:<\/p>\n<table style=\"border-collapse: collapse; width: 80.2453%; height: 96px;\">\n<tbody>\n<tr style=\"height: 32px;\">\n<td style=\"width: 25.8664%; height: 32px;\"><strong>Categoria<\/strong><\/td>\n<td style=\"width: 25.3938%; text-align: center; height: 32px;\"><strong>Finalista<\/strong><\/td>\n<td style=\"width: 28.9854%; text-align: center; height: 32px;\"><strong>Suplent<\/strong><\/td>\n<\/tr>\n<tr style=\"height: 32px;\">\n<td style=\"width: 25.8664%; height: 32px;\"><strong>Grumets Vermells (CM)<\/strong><\/td>\n<td style=\"width: 25.3938%; text-align: center; height: 32px;\">BIEL BOU<\/td>\n<td style=\"width: 28.9854%; text-align: center; height: 32px;\">JULIETA CONZ\u00c1LEZ<\/td>\n<\/tr>\n<tr style=\"height: 32px;\">\n<td style=\"width: 25.8664%; height: 32px;\"><strong>Grumets Verds (CS)<\/strong><\/td>\n<td style=\"width: 25.3938%; text-align: center; height: 32px;\">ABRIL UMBERT<\/td>\n<td style=\"width: 28.9854%; text-align: center; height: 32px;\">J\u00daLIA RODR\u00cdGUEZ<\/td>\n<\/tr>\n<\/tbody>\n<\/table>\n<p>La semifinal territorial es dur\u00e0 a terme el pr\u00f2xim dimarts 25 de mar\u00e7 a l&#8217;Auditori de Bellavista. Molta sort, superlectors i superlectores!<\/p>\n<p><a href=\"https:\/\/photos.app.goo.gl\/6RsRii9QUgMabD5p8\">Fotos<\/a><\/p>\n","protected":false},"excerpt":{"rendered":"<p>Despr\u00e9s d&#8217;una selecci\u00f3 molt complicada, entre tots els voluntaris\u00a0 i totes les volunt\u00e0ries que es van presentar per a aconseguir ser el\/la finalista que represent\u00e9s a la nostra escola, les finalistes han estat:<\/p>\n<p>Categoria<br \/>\nFinalista<br \/>\nSuplent<\/p>\n<p>Grumets Vermells (CM)<br \/>\nBIEL BOU<br \/>\nJULIETA CONZ\u00c1LEZ<\/p>\n<p>Grumets Verds (CS)<br \/>\nABRIL UMBERT<br \/>\nJ\u00daLIA RODR\u00cdGUEZ<\/p>\n<p>La semifinal territorial es dur\u00e0&hellip;  <a href=\"https:\/\/agora.xtec.cat\/ceipgranullarius\/general\/representants-i-suplents-de-la-nostra-escola-al-clva\/\" title=\"Read Representants i suplents de la nostra escola al CLVA\">Llegeix m\u00e9s\u00bb<\/a><\/p>\n","protected":false},"author":1,"featured_media":0,"comment_status":"open","ping_status":"closed","sticky":false,"template":"","format":"standard","meta":{"_bbp_topic_count":0,"_bbp_reply_count":0,"_bbp_total_topic_count":0,"_bbp_total_reply_count":0,"_bbp_voice_count":0,"_bbp_anonymous_reply_count":0,"_bbp_topic_count_hidden":0,"_bbp_reply_count_hidden":0,"_bbp_forum_subforum_count":0,"footnotes":""},"categories":[49,50,63,51,1,4,53],"tags":[],"class_list":["post-4532","post","type-post","status-publish","format-standard","hentry","category-cicle-mitja","category-cicle-superior","category-educacio-primaria","category-escola","category-general","category-portada","category-projectes"],"post_mailing_queue_ids":[],"_links":{"self":[{"href":"https:\/\/agora.xtec.cat\/ceipgranullarius\/wp-json\/wp\/v2\/posts\/4532","targetHints":{"allow":["GET"]}}],"collection":[{"href":"https:\/\/agora.xtec.cat\/ceipgranullarius\/wp-json\/wp\/v2\/posts"}],"about":[{"href":"https:\/\/agora.xtec.cat\/ceipgranullarius\/wp-json\/wp\/v2\/types\/post"}],"author":[{"embeddable":true,"href":"https:\/\/agora.xtec.cat\/ceipgranullarius\/wp-json\/wp\/v2\/users\/1"}],"replies":[{"embeddable":true,"href":"https:\/\/agora.xtec.cat\/ceipgranullarius\/wp-json\/wp\/v2\/comments?post=4532"}],"version-history":[{"count":1,"href":"https:\/\/agora.xtec.cat\/ceipgranullarius\/wp-json\/wp\/v2\/posts\/4532\/revisions"}],"predecessor-version":[{"id":4534,"href":"https:\/\/agora.xtec.cat\/ceipgranullarius\/wp-json\/wp\/v2\/posts\/4532\/revisions\/4534"}],"wp:attachment":[{"href":"https:\/\/agora.xtec.cat\/ceipgranullarius\/wp-json\/wp\/v2\/media?parent=4532"}],"wp:term":[{"taxonomy":"category","embeddable":true,"href":"https:\/\/agora.xtec.cat\/ceipgranullarius\/wp-json\/wp\/v2\/categories?post=4532"},{"taxonomy":"post_tag","embeddable":true,"href":"https:\/\/agora.xtec.cat\/ceipgranullarius\/wp-json\/wp\/v2\/tags?post=4532"}],"curies":[{"name":"wp","href":"https:\/\/api.w.org\/{rel}","templated":true}]}}