{"id":4522,"date":"2025-03-06T13:52:37","date_gmt":"2025-03-06T12:52:37","guid":{"rendered":"https:\/\/agora.xtec.cat\/ceipgranullarius\/?p=4522"},"modified":"2025-03-06T13:52:37","modified_gmt":"2025-03-06T12:52:37","slug":"i5-dibuix-al-natural-de-la-mimosa","status":"publish","type":"post","link":"https:\/\/agora.xtec.cat\/ceipgranullarius\/general\/i5-dibuix-al-natural-de-la-mimosa\/","title":{"rendered":"I5 &#8211; Dibuix al natural de la mimosa"},"content":{"rendered":"<p><img loading=\"lazy\" decoding=\"async\" class=\"aligncenter size-large wp-image-4523\" src=\"https:\/\/agora.xtec.cat\/ceipgranullarius\/wp-content\/uploads\/usu769\/2025\/03\/PORTADA-1024x461.jpg\" alt=\"\" width=\"1024\" height=\"461\" srcset=\"https:\/\/agora.xtec.cat\/ceipgranullarius\/wp-content\/uploads\/usu769\/2025\/03\/PORTADA-1024x461.jpg 1024w, https:\/\/agora.xtec.cat\/ceipgranullarius\/wp-content\/uploads\/usu769\/2025\/03\/PORTADA-300x135.jpg 300w, https:\/\/agora.xtec.cat\/ceipgranullarius\/wp-content\/uploads\/usu769\/2025\/03\/PORTADA-768x346.jpg 768w, https:\/\/agora.xtec.cat\/ceipgranullarius\/wp-content\/uploads\/usu769\/2025\/03\/PORTADA-1536x691.jpg 1536w, https:\/\/agora.xtec.cat\/ceipgranullarius\/wp-content\/uploads\/usu769\/2025\/03\/PORTADA-2048x922.jpg 2048w\" sizes=\"auto, (max-width: 1024px) 100vw, 1024px\" \/><\/p>\n<p><span style=\"font-weight: 400;\">A finals de febrer la mimosa ja estava florida<\/span><\/p>\n<p><span style=\"font-weight: 400;\">\u00a0i n\u2019hem collit una mica.\u00a0<\/span><\/p>\n<p><span style=\"font-weight: 400;\">A I5 l\u2019hem aprofitat per practicar el dibuix al natural<\/span><\/p>\n<p><span style=\"font-weight: 400;\">\u00a0i ens ha quedat fenomenal.<\/span><\/p>\n<p><span style=\"font-weight: 400;\">Amb molta observaci\u00f3, paci\u00e8ncia i dedicaci\u00f3<\/span><\/p>\n<p><span style=\"font-weight: 400;\">\u00a0ens ha quedat un treball molt buf\u00f3.<\/span><\/p>\n<p><span style=\"font-weight: 400;\">En el futur altres t\u00e8cniques provarem\u00a0<\/span><\/p>\n<p><span style=\"font-weight: 400;\">i en bons artistes ens convertirem.<\/span><\/p>\n<p><a href=\"https:\/\/photos.app.goo.gl\/ZpH6pfzHEXrejf2K8\">Fotos<\/a><\/p>\n","protected":false},"excerpt":{"rendered":"<p>A finals de febrer la mimosa ja estava florida<br \/>\n\u00a0i n\u2019hem collit una mica.\u00a0<br \/>\nA I5 l\u2019hem aprofitat per practicar el dibuix al natural<br \/>\n\u00a0i ens ha quedat fenomenal.<br \/>\nAmb molta observaci\u00f3, paci\u00e8ncia i dedicaci\u00f3<br \/>\n\u00a0ens ha quedat un treball molt buf\u00f3.<br \/>\nEn el futur altres t\u00e8cniques provarem\u00a0<br \/>\ni en bons artistes&hellip;  <a href=\"https:\/\/agora.xtec.cat\/ceipgranullarius\/general\/i5-dibuix-al-natural-de-la-mimosa\/\" title=\"Read I5 &#8211; Dibuix al natural de la mimosa\">Llegeix m\u00e9s\u00bb<\/a><\/p>\n","protected":false},"author":1,"featured_media":0,"comment_status":"open","ping_status":"closed","sticky":false,"template":"","format":"standard","meta":{"_bbp_topic_count":0,"_bbp_reply_count":0,"_bbp_total_topic_count":0,"_bbp_total_reply_count":0,"_bbp_voice_count":0,"_bbp_anonymous_reply_count":0,"_bbp_topic_count_hidden":0,"_bbp_reply_count_hidden":0,"_bbp_forum_subforum_count":0,"footnotes":""},"categories":[2,51,1,9,4],"tags":[],"class_list":["post-4522","post","type-post","status-publish","format-standard","hentry","category-educacio-infantil","category-escola","category-general","category-i5","category-portada"],"post_mailing_queue_ids":[],"_links":{"self":[{"href":"https:\/\/agora.xtec.cat\/ceipgranullarius\/wp-json\/wp\/v2\/posts\/4522","targetHints":{"allow":["GET"]}}],"collection":[{"href":"https:\/\/agora.xtec.cat\/ceipgranullarius\/wp-json\/wp\/v2\/posts"}],"about":[{"href":"https:\/\/agora.xtec.cat\/ceipgranullarius\/wp-json\/wp\/v2\/types\/post"}],"author":[{"embeddable":true,"href":"https:\/\/agora.xtec.cat\/ceipgranullarius\/wp-json\/wp\/v2\/users\/1"}],"replies":[{"embeddable":true,"href":"https:\/\/agora.xtec.cat\/ceipgranullarius\/wp-json\/wp\/v2\/comments?post=4522"}],"version-history":[{"count":1,"href":"https:\/\/agora.xtec.cat\/ceipgranullarius\/wp-json\/wp\/v2\/posts\/4522\/revisions"}],"predecessor-version":[{"id":4524,"href":"https:\/\/agora.xtec.cat\/ceipgranullarius\/wp-json\/wp\/v2\/posts\/4522\/revisions\/4524"}],"wp:attachment":[{"href":"https:\/\/agora.xtec.cat\/ceipgranullarius\/wp-json\/wp\/v2\/media?parent=4522"}],"wp:term":[{"taxonomy":"category","embeddable":true,"href":"https:\/\/agora.xtec.cat\/ceipgranullarius\/wp-json\/wp\/v2\/categories?post=4522"},{"taxonomy":"post_tag","embeddable":true,"href":"https:\/\/agora.xtec.cat\/ceipgranullarius\/wp-json\/wp\/v2\/tags?post=4522"}],"curies":[{"name":"wp","href":"https:\/\/api.w.org\/{rel}","templated":true}]}}