{"id":4519,"date":"2025-03-06T13:49:16","date_gmt":"2025-03-06T12:49:16","guid":{"rendered":"https:\/\/agora.xtec.cat\/ceipgranullarius\/?p=4519"},"modified":"2025-03-06T13:49:16","modified_gmt":"2025-03-06T12:49:16","slug":"2n-colonies-a-can-ribas","status":"publish","type":"post","link":"https:\/\/agora.xtec.cat\/ceipgranullarius\/general\/2n-colonies-a-can-ribas\/","title":{"rendered":"2n &#8211; Col\u00f2nies a Can Ribas"},"content":{"rendered":"<p><img loading=\"lazy\" decoding=\"async\" class=\"aligncenter size-large wp-image-4520\" src=\"https:\/\/agora.xtec.cat\/ceipgranullarius\/wp-content\/uploads\/usu769\/2025\/03\/0-Portada-1024x652.jpg\" alt=\"\" width=\"1024\" height=\"652\" srcset=\"https:\/\/agora.xtec.cat\/ceipgranullarius\/wp-content\/uploads\/usu769\/2025\/03\/0-Portada-1024x652.jpg 1024w, https:\/\/agora.xtec.cat\/ceipgranullarius\/wp-content\/uploads\/usu769\/2025\/03\/0-Portada-300x191.jpg 300w, https:\/\/agora.xtec.cat\/ceipgranullarius\/wp-content\/uploads\/usu769\/2025\/03\/0-Portada-768x489.jpg 768w, https:\/\/agora.xtec.cat\/ceipgranullarius\/wp-content\/uploads\/usu769\/2025\/03\/0-Portada-1536x978.jpg 1536w, https:\/\/agora.xtec.cat\/ceipgranullarius\/wp-content\/uploads\/usu769\/2025\/03\/0-Portada-2048x1304.jpg 2048w\" sizes=\"auto, (max-width: 1024px) 100vw, 1024px\" \/><\/p>\n<p><span style=\"font-weight: 400;\">Els dies 19 i 20 de febrer els nens i nenes de la classe de la Lluna i l\u2019Aurora Boreal hem anat de col\u00f2nies a Can Ribas de Bigues i Riells. Hem fet activitats molt divertides que ens han perm\u00e8s viure com aut\u00e8ntics pirates i gaudir de bons moments amb els nostres companys i companyes.<\/span><\/p>\n<p><span style=\"font-weight: 400;\">Ens ho hem passat genial!<\/span><\/p>\n<p><a href=\"https:\/\/photos.app.goo.gl\/VRDD5Y3kh3vbNwxa9\">Fotos<\/a><\/p>\n","protected":false},"excerpt":{"rendered":"<p>Els dies 19 i 20 de febrer els nens i nenes de la classe de la Lluna i l\u2019Aurora Boreal hem anat de col\u00f2nies a Can Ribas de Bigues i Riells. Hem fet activitats molt divertides que ens han perm\u00e8s viure com aut\u00e8ntics pirates i&hellip;  <a href=\"https:\/\/agora.xtec.cat\/ceipgranullarius\/general\/2n-colonies-a-can-ribas\/\" title=\"Read 2n &#8211; Col\u00f2nies a Can Ribas\">Llegeix m\u00e9s\u00bb<\/a><\/p>\n","protected":false},"author":1,"featured_media":0,"comment_status":"open","ping_status":"closed","sticky":false,"template":"","format":"standard","meta":{"_bbp_topic_count":0,"_bbp_reply_count":0,"_bbp_total_topic_count":0,"_bbp_total_reply_count":0,"_bbp_voice_count":0,"_bbp_anonymous_reply_count":0,"_bbp_topic_count_hidden":0,"_bbp_reply_count_hidden":0,"_bbp_forum_subforum_count":0,"footnotes":""},"categories":[11,62,63,51,1,4],"tags":[],"class_list":["post-4519","post","type-post","status-publish","format-standard","hentry","category-2n","category-cicle-inicial","category-educacio-primaria","category-escola","category-general","category-portada"],"post_mailing_queue_ids":[],"_links":{"self":[{"href":"https:\/\/agora.xtec.cat\/ceipgranullarius\/wp-json\/wp\/v2\/posts\/4519","targetHints":{"allow":["GET"]}}],"collection":[{"href":"https:\/\/agora.xtec.cat\/ceipgranullarius\/wp-json\/wp\/v2\/posts"}],"about":[{"href":"https:\/\/agora.xtec.cat\/ceipgranullarius\/wp-json\/wp\/v2\/types\/post"}],"author":[{"embeddable":true,"href":"https:\/\/agora.xtec.cat\/ceipgranullarius\/wp-json\/wp\/v2\/users\/1"}],"replies":[{"embeddable":true,"href":"https:\/\/agora.xtec.cat\/ceipgranullarius\/wp-json\/wp\/v2\/comments?post=4519"}],"version-history":[{"count":1,"href":"https:\/\/agora.xtec.cat\/ceipgranullarius\/wp-json\/wp\/v2\/posts\/4519\/revisions"}],"predecessor-version":[{"id":4521,"href":"https:\/\/agora.xtec.cat\/ceipgranullarius\/wp-json\/wp\/v2\/posts\/4519\/revisions\/4521"}],"wp:attachment":[{"href":"https:\/\/agora.xtec.cat\/ceipgranullarius\/wp-json\/wp\/v2\/media?parent=4519"}],"wp:term":[{"taxonomy":"category","embeddable":true,"href":"https:\/\/agora.xtec.cat\/ceipgranullarius\/wp-json\/wp\/v2\/categories?post=4519"},{"taxonomy":"post_tag","embeddable":true,"href":"https:\/\/agora.xtec.cat\/ceipgranullarius\/wp-json\/wp\/v2\/tags?post=4519"}],"curies":[{"name":"wp","href":"https:\/\/api.w.org\/{rel}","templated":true}]}}