{"id":4504,"date":"2025-02-14T11:07:47","date_gmt":"2025-02-14T10:07:47","guid":{"rendered":"https:\/\/agora.xtec.cat\/ceipgranullarius\/?p=4504"},"modified":"2025-02-14T11:07:47","modified_gmt":"2025-02-14T10:07:47","slug":"4t-visita-el-mercabarna","status":"publish","type":"post","link":"https:\/\/agora.xtec.cat\/ceipgranullarius\/general\/4t-visita-el-mercabarna\/","title":{"rendered":"4t Visita el Mercabarna"},"content":{"rendered":"<p><a href=\"https:\/\/agora.xtec.cat\/ceipgranullarius\/wp-content\/uploads\/usu769\/2025\/02\/0.Portada.heic\"><img decoding=\"async\" class=\"aligncenter size-full wp-image-4505\" src=\"https:\/\/agora.xtec.cat\/ceipgranullarius\/wp-content\/uploads\/usu769\/2025\/02\/0.Portada.heic\" alt=\"\" \/><\/a><\/p>\n<p><img loading=\"lazy\" decoding=\"async\" class=\"aligncenter size-large wp-image-4506\" src=\"https:\/\/agora.xtec.cat\/ceipgranullarius\/wp-content\/uploads\/usu769\/2025\/02\/0.Portada-1-1024x768.jpg\" alt=\"\" width=\"1024\" height=\"768\" srcset=\"https:\/\/agora.xtec.cat\/ceipgranullarius\/wp-content\/uploads\/usu769\/2025\/02\/0.Portada-1-1024x768.jpg 1024w, https:\/\/agora.xtec.cat\/ceipgranullarius\/wp-content\/uploads\/usu769\/2025\/02\/0.Portada-1-300x225.jpg 300w, https:\/\/agora.xtec.cat\/ceipgranullarius\/wp-content\/uploads\/usu769\/2025\/02\/0.Portada-1-768x576.jpg 768w, https:\/\/agora.xtec.cat\/ceipgranullarius\/wp-content\/uploads\/usu769\/2025\/02\/0.Portada-1-1536x1152.jpg 1536w, https:\/\/agora.xtec.cat\/ceipgranullarius\/wp-content\/uploads\/usu769\/2025\/02\/0.Portada-1-2048x1536.jpg 2048w, https:\/\/agora.xtec.cat\/ceipgranullarius\/wp-content\/uploads\/usu769\/2025\/02\/0.Portada-1-200x150.jpg 200w\" sizes=\"auto, (max-width: 1024px) 100vw, 1024px\" \/><\/p>\n<p><span style=\"font-weight: 400;\">El dimarts dia 11 de febrer els i les alumnes de 4t hem fet la sortida <\/span><i><span style=\"font-weight: 400;\">Creix amb el Peix<\/span><\/i><span style=\"font-weight: 400;\"> al Mercabarna. Primer, hem visitat el museu del peix, on ens han ensenyat algunes de les t\u00e8cniques b\u00e0siques de la pesca. Despr\u00e9s, hem pogut experimentar tocant alguns peixos en grups, tot observant les seves parts. Tot seguit, hem fet tots junts un dinar saludable, a base d\u2019amanida, peix i fruita. Finalment, hem pogut jugar una mica i veure un v\u00eddeo resum amb els aprenentatges de la sortida. Qu\u00e8 b\u00e9 ens ho hem passat!<\/span><\/p>\n<p><a href=\"https:\/\/photos.app.goo.gl\/mfKimot9ipEatFip8\">Fotos<\/a><\/p>\n","protected":false},"excerpt":{"rendered":"<p><a href=\"https:\/\/agora.xtec.cat\/ceipgranullarius\/wp-content\/uploads\/usu769\/2025\/02\/0.Portada.heic\"><\/a><\/p>\n<p>El dimarts dia 11 de febrer els i les alumnes de 4t hem fet la sortida Creix amb el Peix al Mercabarna. Primer, hem visitat el museu del peix, on ens han ensenyat algunes de les t\u00e8cniques b\u00e0siques de la pesca. Despr\u00e9s, hem pogut&hellip;  <a href=\"https:\/\/agora.xtec.cat\/ceipgranullarius\/general\/4t-visita-el-mercabarna\/\" title=\"Read 4t Visita el Mercabarna\">Llegeix m\u00e9s\u00bb<\/a><\/p>\n","protected":false},"author":1,"featured_media":0,"comment_status":"open","ping_status":"closed","sticky":false,"template":"","format":"standard","meta":{"_bbp_topic_count":0,"_bbp_reply_count":0,"_bbp_total_topic_count":0,"_bbp_total_reply_count":0,"_bbp_voice_count":0,"_bbp_anonymous_reply_count":0,"_bbp_topic_count_hidden":0,"_bbp_reply_count_hidden":0,"_bbp_forum_subforum_count":0,"footnotes":""},"categories":[13,49,63,51,1,4,53],"tags":[],"class_list":["post-4504","post","type-post","status-publish","format-standard","hentry","category-4t","category-cicle-mitja","category-educacio-primaria","category-escola","category-general","category-portada","category-projectes"],"post_mailing_queue_ids":[],"_links":{"self":[{"href":"https:\/\/agora.xtec.cat\/ceipgranullarius\/wp-json\/wp\/v2\/posts\/4504","targetHints":{"allow":["GET"]}}],"collection":[{"href":"https:\/\/agora.xtec.cat\/ceipgranullarius\/wp-json\/wp\/v2\/posts"}],"about":[{"href":"https:\/\/agora.xtec.cat\/ceipgranullarius\/wp-json\/wp\/v2\/types\/post"}],"author":[{"embeddable":true,"href":"https:\/\/agora.xtec.cat\/ceipgranullarius\/wp-json\/wp\/v2\/users\/1"}],"replies":[{"embeddable":true,"href":"https:\/\/agora.xtec.cat\/ceipgranullarius\/wp-json\/wp\/v2\/comments?post=4504"}],"version-history":[{"count":1,"href":"https:\/\/agora.xtec.cat\/ceipgranullarius\/wp-json\/wp\/v2\/posts\/4504\/revisions"}],"predecessor-version":[{"id":4507,"href":"https:\/\/agora.xtec.cat\/ceipgranullarius\/wp-json\/wp\/v2\/posts\/4504\/revisions\/4507"}],"wp:attachment":[{"href":"https:\/\/agora.xtec.cat\/ceipgranullarius\/wp-json\/wp\/v2\/media?parent=4504"}],"wp:term":[{"taxonomy":"category","embeddable":true,"href":"https:\/\/agora.xtec.cat\/ceipgranullarius\/wp-json\/wp\/v2\/categories?post=4504"},{"taxonomy":"post_tag","embeddable":true,"href":"https:\/\/agora.xtec.cat\/ceipgranullarius\/wp-json\/wp\/v2\/tags?post=4504"}],"curies":[{"name":"wp","href":"https:\/\/api.w.org\/{rel}","templated":true}]}}