{"id":4501,"date":"2025-02-14T11:02:52","date_gmt":"2025-02-14T10:02:52","guid":{"rendered":"https:\/\/agora.xtec.cat\/ceipgranullarius\/?p=4501"},"modified":"2025-02-14T11:02:52","modified_gmt":"2025-02-14T10:02:52","slug":"5e-etwinning-yes-we-can","status":"publish","type":"post","link":"https:\/\/agora.xtec.cat\/ceipgranullarius\/general\/5e-etwinning-yes-we-can\/","title":{"rendered":"5\u00e8 &#8211; eTwinning: Yes we can!"},"content":{"rendered":"<p><img loading=\"lazy\" decoding=\"async\" class=\"aligncenter size-large wp-image-4502\" src=\"https:\/\/agora.xtec.cat\/ceipgranullarius\/wp-content\/uploads\/usu769\/2025\/02\/348994a8-7bf0-4094-a619-6d5bde8fcf9c-1024x1024.jpg\" alt=\"\" width=\"1024\" height=\"1024\" srcset=\"https:\/\/agora.xtec.cat\/ceipgranullarius\/wp-content\/uploads\/usu769\/2025\/02\/348994a8-7bf0-4094-a619-6d5bde8fcf9c-1024x1024.jpg 1024w, https:\/\/agora.xtec.cat\/ceipgranullarius\/wp-content\/uploads\/usu769\/2025\/02\/348994a8-7bf0-4094-a619-6d5bde8fcf9c-300x300.jpg 300w, https:\/\/agora.xtec.cat\/ceipgranullarius\/wp-content\/uploads\/usu769\/2025\/02\/348994a8-7bf0-4094-a619-6d5bde8fcf9c-150x150.jpg 150w, https:\/\/agora.xtec.cat\/ceipgranullarius\/wp-content\/uploads\/usu769\/2025\/02\/348994a8-7bf0-4094-a619-6d5bde8fcf9c-768x768.jpg 768w, https:\/\/agora.xtec.cat\/ceipgranullarius\/wp-content\/uploads\/usu769\/2025\/02\/348994a8-7bf0-4094-a619-6d5bde8fcf9c.jpg 1080w\" sizes=\"auto, (max-width: 1024px) 100vw, 1024px\" \/><\/p>\n<p><b>La nostra escola participa en projectes eTwinning<\/b><\/p>\n<p><span style=\"font-weight: 400;\">L\u2019alumnat de 5\u00e8 participa en un projecte eTwinning anomenat: YES WE CAN. En aquest projecte participen escoles de 7 pa\u00efsos diferents: Turquia, Gr\u00e8cia, Jord\u00e0nia, Romania, Ucra\u00efna, It\u00e0lia i Espanya.<\/span><\/p>\n<p><span style=\"font-weight: 400;\">Fins ara ja han fet 3 activitats:\u00a0<\/span><\/p>\n<ul>\n<li style=\"font-weight: 400;\" aria-level=\"1\"><span style=\"font-weight: 400;\">Triar un logo pel projecte<\/span><\/li>\n<li style=\"font-weight: 400;\" aria-level=\"1\"><span style=\"font-weight: 400;\">Aprendre tot jugant la informaci\u00f3 b\u00e0sica sobre els pa\u00efsos que participen en el projecte\u00a0<\/span><\/li>\n<li style=\"font-weight: 400;\" aria-level=\"1\"><span style=\"font-weight: 400;\">Elaborar una presentaci\u00f3 sobre dos pa\u00efsos del projecte: Romania i Ucra\u00efna.\u00a0 Aquest treball l\u2019hem fet de forma cooperativa amb els alumnes d\u2019una escola de Turquia.\u00a0<\/span><\/li>\n<\/ul>\n<p><em><b>Our School is involved in eTwinning projects\u00a0<\/b><\/em><\/p>\n<p><em><b>\u00a0<\/b><span style=\"font-weight: 400;\">Our 5th Grade students are involved in an eTwinning project called: YES WE CAN.\u00a0 In this project we collaborate with 7 different countries: T\u00fcrkiye, Greece, Jordan, Romania, Ukraine, Italy and Spain.\u00a0<\/span><\/em><\/p>\n<p><em><span style=\"font-weight: 400;\">We have been working in several activities, such as:\u00a0<\/span><\/em><\/p>\n<ul>\n<li style=\"font-weight: 400;\" aria-level=\"1\"><em><span style=\"font-weight: 400;\">Logo design and competition<\/span><\/em><\/li>\n<li style=\"font-weight: 400;\" aria-level=\"1\"><em><span style=\"font-weight: 400;\">Game about our countries.\u00a0<\/span><\/em><\/li>\n<li style=\"font-weight: 400;\" aria-level=\"1\"><em><span style=\"font-weight: 400;\">Introducing two countries involved in the project. We\u2019ve done it about Romania and Ukraine. It\u2019s been a collaborative activity with students from a T\u00fcrkiye School.\u00a0<\/span><\/em><\/li>\n<\/ul>\n<p><a href=\"https:\/\/photos.app.goo.gl\/LoqTkjqENpt3vJpVA\">Fotos<\/a><\/p>\n","protected":false},"excerpt":{"rendered":"<p>La nostra escola participa en projectes eTwinning<br \/>\nL\u2019alumnat de 5\u00e8 participa en un projecte eTwinning anomenat: YES WE CAN. En aquest projecte participen escoles de 7 pa\u00efsos diferents: Turquia, Gr\u00e8cia, Jord\u00e0nia, Romania, Ucra\u00efna, It\u00e0lia i Espanya.<br \/>\nFins ara ja han fet 3 activitats:\u00a0<\/p>\n<ul>\n<li style=\"font-weight: 400;\" aria-level=\"1\">Triar un&hellip;  <a href=\"https:\/\/agora.xtec.cat\/ceipgranullarius\/general\/5e-etwinning-yes-we-can\/\" title=\"Read 5\u00e8 &#8211; eTwinning: Yes we can!\">Llegeix m\u00e9s\u00bb<\/a><br \/>\n","protected":false},"author":1,"featured_media":0,"comment_status":"open","ping_status":"closed","sticky":false,"template":"","format":"standard","meta":{"_bbp_topic_count":0,"_bbp_reply_count":0,"_bbp_total_topic_count":0,"_bbp_total_reply_count":0,"_bbp_voice_count":0,"_bbp_anonymous_reply_count":0,"_bbp_topic_count_hidden":0,"_bbp_reply_count_hidden":0,"_bbp_forum_subforum_count":0,"footnotes":""},"categories":[14,50,63,51,67,1,46,65,4,53],"tags":[],"class_list":["post-4501","post","type-post","status-publish","format-standard","hentry","category-5e","category-cicle-superior","category-educacio-primaria","category-escola","category-etwinning","category-general","category-som-escola-gep","category-internacionalitzacio-del-centre","category-portada","category-projectes"],"post_mailing_queue_ids":[],"_links":{"self":[{"href":"https:\/\/agora.xtec.cat\/ceipgranullarius\/wp-json\/wp\/v2\/posts\/4501","targetHints":{"allow":["GET"]}}],"collection":[{"href":"https:\/\/agora.xtec.cat\/ceipgranullarius\/wp-json\/wp\/v2\/posts"}],"about":[{"href":"https:\/\/agora.xtec.cat\/ceipgranullarius\/wp-json\/wp\/v2\/types\/post"}],"author":[{"embeddable":true,"href":"https:\/\/agora.xtec.cat\/ceipgranullarius\/wp-json\/wp\/v2\/users\/1"}],"replies":[{"embeddable":true,"href":"https:\/\/agora.xtec.cat\/ceipgranullarius\/wp-json\/wp\/v2\/comments?post=4501"}],"version-history":[{"count":1,"href":"https:\/\/agora.xtec.cat\/ceipgranullarius\/wp-json\/wp\/v2\/posts\/4501\/revisions"}],"predecessor-version":[{"id":4503,"href":"https:\/\/agora.xtec.cat\/ceipgranullarius\/wp-json\/wp\/v2\/posts\/4501\/revisions\/4503"}],"wp:attachment":[{"href":"https:\/\/agora.xtec.cat\/ceipgranullarius\/wp-json\/wp\/v2\/media?parent=4501"}],"wp:term":[{"taxonomy":"category","embeddable":true,"href":"https:\/\/agora.xtec.cat\/ceipgranullarius\/wp-json\/wp\/v2\/categories?post=4501"},{"taxonomy":"post_tag","embeddable":true,"href":"https:\/\/agora.xtec.cat\/ceipgranullarius\/wp-json\/wp\/v2\/tags?post=4501"}],"curies":[{"name":"wp","href":"https:\/\/api.w.org\/{rel}","templated":true}]}}