{"id":4496,"date":"2025-02-10T11:37:13","date_gmt":"2025-02-10T10:37:13","guid":{"rendered":"https:\/\/agora.xtec.cat\/ceipgranullarius\/?p=4496"},"modified":"2025-02-10T11:38:17","modified_gmt":"2025-02-10T10:38:17","slug":"erasmus-alasvo-oulu-finlandia","status":"publish","type":"post","link":"https:\/\/agora.xtec.cat\/ceipgranullarius\/general\/erasmus-alasvo-oulu-finlandia\/","title":{"rendered":"Finalitza l&#8217;Erasmus+ ALASVO a Oulu, Finl\u00e0ndia"},"content":{"rendered":"<p><img loading=\"lazy\" decoding=\"async\" class=\"aligncenter size-large wp-image-4497\" src=\"https:\/\/agora.xtec.cat\/ceipgranullarius\/wp-content\/uploads\/usu769\/2025\/02\/1.-PORTADA-1024x768.jpg\" alt=\"\" width=\"1024\" height=\"768\" srcset=\"https:\/\/agora.xtec.cat\/ceipgranullarius\/wp-content\/uploads\/usu769\/2025\/02\/1.-PORTADA-1024x768.jpg 1024w, https:\/\/agora.xtec.cat\/ceipgranullarius\/wp-content\/uploads\/usu769\/2025\/02\/1.-PORTADA-300x225.jpg 300w, https:\/\/agora.xtec.cat\/ceipgranullarius\/wp-content\/uploads\/usu769\/2025\/02\/1.-PORTADA-768x576.jpg 768w, https:\/\/agora.xtec.cat\/ceipgranullarius\/wp-content\/uploads\/usu769\/2025\/02\/1.-PORTADA-1536x1152.jpg 1536w, https:\/\/agora.xtec.cat\/ceipgranullarius\/wp-content\/uploads\/usu769\/2025\/02\/1.-PORTADA-200x150.jpg 200w, https:\/\/agora.xtec.cat\/ceipgranullarius\/wp-content\/uploads\/usu769\/2025\/02\/1.-PORTADA.jpg 1600w\" sizes=\"auto, (max-width: 1024px) 100vw, 1024px\" \/><\/p>\n<p>La mobilitat a Oulu, Finl\u00e0ndia, ha finalitzat oferint molt\u00edssimes idees i propostes que l&#8217;Anna ha anat compartint amb nosaltres a trav\u00e9s dels diferents articles i fotografies que podeu veure al Google Sites de l&#8217;Erasmus de l&#8217;escola.<\/p>\n<p>Feu clic a la icona de dalt de tot de la barra dreta, no us ho perdeu!<\/p>\n","protected":false},"excerpt":{"rendered":"<p>La mobilitat a Oulu, Finl\u00e0ndia, ha finalitzat oferint molt\u00edssimes idees i propostes que l&#8217;Anna ha anat compartint amb nosaltres a trav\u00e9s dels diferents articles i fotografies que podeu veure al Google Sites de l&#8217;Erasmus de l&#8217;escola.<br \/>\nFeu clic a la icona de dalt de tot de&hellip;  <a href=\"https:\/\/agora.xtec.cat\/ceipgranullarius\/general\/erasmus-alasvo-oulu-finlandia\/\" title=\"Read Finalitza l&#8217;Erasmus+ ALASVO a Oulu, Finl\u00e0ndia\">Llegeix m\u00e9s\u00bb<\/a><\/p>\n","protected":false},"author":1,"featured_media":0,"comment_status":"open","ping_status":"closed","sticky":false,"template":"","format":"standard","meta":{"_bbp_topic_count":0,"_bbp_reply_count":0,"_bbp_total_topic_count":0,"_bbp_total_reply_count":0,"_bbp_voice_count":0,"_bbp_anonymous_reply_count":0,"_bbp_topic_count_hidden":0,"_bbp_reply_count_hidden":0,"_bbp_forum_subforum_count":0,"footnotes":""},"categories":[2,63,66,51,1,46,65,4,53],"tags":[],"class_list":["post-4496","post","type-post","status-publish","format-standard","hentry","category-educacio-infantil","category-educacio-primaria","category-erasmus","category-escola","category-general","category-som-escola-gep","category-internacionalitzacio-del-centre","category-portada","category-projectes"],"post_mailing_queue_ids":[],"_links":{"self":[{"href":"https:\/\/agora.xtec.cat\/ceipgranullarius\/wp-json\/wp\/v2\/posts\/4496","targetHints":{"allow":["GET"]}}],"collection":[{"href":"https:\/\/agora.xtec.cat\/ceipgranullarius\/wp-json\/wp\/v2\/posts"}],"about":[{"href":"https:\/\/agora.xtec.cat\/ceipgranullarius\/wp-json\/wp\/v2\/types\/post"}],"author":[{"embeddable":true,"href":"https:\/\/agora.xtec.cat\/ceipgranullarius\/wp-json\/wp\/v2\/users\/1"}],"replies":[{"embeddable":true,"href":"https:\/\/agora.xtec.cat\/ceipgranullarius\/wp-json\/wp\/v2\/comments?post=4496"}],"version-history":[{"count":2,"href":"https:\/\/agora.xtec.cat\/ceipgranullarius\/wp-json\/wp\/v2\/posts\/4496\/revisions"}],"predecessor-version":[{"id":4499,"href":"https:\/\/agora.xtec.cat\/ceipgranullarius\/wp-json\/wp\/v2\/posts\/4496\/revisions\/4499"}],"wp:attachment":[{"href":"https:\/\/agora.xtec.cat\/ceipgranullarius\/wp-json\/wp\/v2\/media?parent=4496"}],"wp:term":[{"taxonomy":"category","embeddable":true,"href":"https:\/\/agora.xtec.cat\/ceipgranullarius\/wp-json\/wp\/v2\/categories?post=4496"},{"taxonomy":"post_tag","embeddable":true,"href":"https:\/\/agora.xtec.cat\/ceipgranullarius\/wp-json\/wp\/v2\/tags?post=4496"}],"curies":[{"name":"wp","href":"https:\/\/api.w.org\/{rel}","templated":true}]}}