{"id":4474,"date":"2025-02-06T11:19:43","date_gmt":"2025-02-06T10:19:43","guid":{"rendered":"https:\/\/agora.xtec.cat\/ceipgranullarius\/?p=4474"},"modified":"2025-02-06T11:19:43","modified_gmt":"2025-02-06T10:19:43","slug":"3r-fem-teatre","status":"publish","type":"post","link":"https:\/\/agora.xtec.cat\/ceipgranullarius\/general\/3r-fem-teatre\/","title":{"rendered":"3r &#8211; Fem teatre!"},"content":{"rendered":"<p><img loading=\"lazy\" decoding=\"async\" class=\"aligncenter size-large wp-image-4475\" src=\"https:\/\/agora.xtec.cat\/ceipgranullarius\/wp-content\/uploads\/usu769\/2025\/02\/PORTADA-1-768x1024.jpeg\" alt=\"\" width=\"768\" height=\"1024\" srcset=\"https:\/\/agora.xtec.cat\/ceipgranullarius\/wp-content\/uploads\/usu769\/2025\/02\/PORTADA-1-768x1024.jpeg 768w, https:\/\/agora.xtec.cat\/ceipgranullarius\/wp-content\/uploads\/usu769\/2025\/02\/PORTADA-1-225x300.jpeg 225w, https:\/\/agora.xtec.cat\/ceipgranullarius\/wp-content\/uploads\/usu769\/2025\/02\/PORTADA-1-1152x1536.jpeg 1152w, https:\/\/agora.xtec.cat\/ceipgranullarius\/wp-content\/uploads\/usu769\/2025\/02\/PORTADA-1.jpeg 1200w\" sizes=\"auto, (max-width: 768px) 100vw, 768px\" \/><\/p>\n<p><span style=\"font-weight: 400;\">Els alumnes de 3r vam fer un taller de teatre el passat divendres 24 de gener.\u00a0<\/span><\/p>\n<p><span style=\"font-weight: 400;\">La sessi\u00f3 es va iniciar amb un dibuix representant qu\u00e8 era per nosaltres el teatre i qu\u00e8 hi podem trobar en ell. A continuaci\u00f3, vam fer una din\u00e0mica per entendre la import\u00e0ncia de fer les coses amb concentraci\u00f3 i una segona din\u00e0mica per fer volar la nostra imaginaci\u00f3.<\/span><\/p>\n<p><span style=\"font-weight: 400;\">Per acabar la sessi\u00f3, vam fer una activitat de relaxaci\u00f3.<\/span><\/p>\n<p><span style=\"font-weight: 400;\">Un dels objectius era fomentar l\u2019\u00fas de la llengua catalana.<\/span><\/p>\n<p><span style=\"font-weight: 400;\">Ens ho vam passar d\u2019all\u00f2 m\u00e9s b\u00e9!\u00a0\u00a0<\/span><\/p>\n<p><a href=\"https:\/\/photos.app.goo.gl\/UsobYju22hQXBNaY9\">Fotos<\/a><\/p>\n","protected":false},"excerpt":{"rendered":"<p>Els alumnes de 3r vam fer un taller de teatre el passat divendres 24 de gener.\u00a0<br \/>\nLa sessi\u00f3 es va iniciar amb un dibuix representant qu\u00e8 era per nosaltres el teatre i qu\u00e8 hi podem trobar en ell. A continuaci\u00f3, vam fer una din\u00e0mica per entendre&hellip;  <a href=\"https:\/\/agora.xtec.cat\/ceipgranullarius\/general\/3r-fem-teatre\/\" title=\"Read 3r &#8211; Fem teatre!\">Llegeix m\u00e9s\u00bb<\/a><\/p>\n","protected":false},"author":1,"featured_media":0,"comment_status":"open","ping_status":"closed","sticky":false,"template":"","format":"standard","meta":{"_bbp_topic_count":0,"_bbp_reply_count":0,"_bbp_total_topic_count":0,"_bbp_total_reply_count":0,"_bbp_voice_count":0,"_bbp_anonymous_reply_count":0,"_bbp_topic_count_hidden":0,"_bbp_reply_count_hidden":0,"_bbp_forum_subforum_count":0,"footnotes":""},"categories":[12,49,63,51,1,4,53],"tags":[],"class_list":["post-4474","post","type-post","status-publish","format-standard","hentry","category-3r","category-cicle-mitja","category-educacio-primaria","category-escola","category-general","category-portada","category-projectes"],"post_mailing_queue_ids":[],"_links":{"self":[{"href":"https:\/\/agora.xtec.cat\/ceipgranullarius\/wp-json\/wp\/v2\/posts\/4474","targetHints":{"allow":["GET"]}}],"collection":[{"href":"https:\/\/agora.xtec.cat\/ceipgranullarius\/wp-json\/wp\/v2\/posts"}],"about":[{"href":"https:\/\/agora.xtec.cat\/ceipgranullarius\/wp-json\/wp\/v2\/types\/post"}],"author":[{"embeddable":true,"href":"https:\/\/agora.xtec.cat\/ceipgranullarius\/wp-json\/wp\/v2\/users\/1"}],"replies":[{"embeddable":true,"href":"https:\/\/agora.xtec.cat\/ceipgranullarius\/wp-json\/wp\/v2\/comments?post=4474"}],"version-history":[{"count":1,"href":"https:\/\/agora.xtec.cat\/ceipgranullarius\/wp-json\/wp\/v2\/posts\/4474\/revisions"}],"predecessor-version":[{"id":4476,"href":"https:\/\/agora.xtec.cat\/ceipgranullarius\/wp-json\/wp\/v2\/posts\/4474\/revisions\/4476"}],"wp:attachment":[{"href":"https:\/\/agora.xtec.cat\/ceipgranullarius\/wp-json\/wp\/v2\/media?parent=4474"}],"wp:term":[{"taxonomy":"category","embeddable":true,"href":"https:\/\/agora.xtec.cat\/ceipgranullarius\/wp-json\/wp\/v2\/categories?post=4474"},{"taxonomy":"post_tag","embeddable":true,"href":"https:\/\/agora.xtec.cat\/ceipgranullarius\/wp-json\/wp\/v2\/tags?post=4474"}],"curies":[{"name":"wp","href":"https:\/\/api.w.org\/{rel}","templated":true}]}}