{"id":4464,"date":"2025-02-06T10:52:25","date_gmt":"2025-02-06T09:52:25","guid":{"rendered":"https:\/\/agora.xtec.cat\/ceipgranullarius\/?p=4464"},"modified":"2025-02-06T10:52:25","modified_gmt":"2025-02-06T09:52:25","slug":"fem-teatre-a-4t","status":"publish","type":"post","link":"https:\/\/agora.xtec.cat\/ceipgranullarius\/general\/fem-teatre-a-4t\/","title":{"rendered":"Fem teatre a 4t!"},"content":{"rendered":"<p><img loading=\"lazy\" decoding=\"async\" class=\"aligncenter size-large wp-image-4467\" src=\"https:\/\/agora.xtec.cat\/ceipgranullarius\/wp-content\/uploads\/usu769\/2025\/02\/Copia-de-20250123_1014422-1024x577.jpg\" alt=\"\" width=\"1024\" height=\"577\" srcset=\"https:\/\/agora.xtec.cat\/ceipgranullarius\/wp-content\/uploads\/usu769\/2025\/02\/Copia-de-20250123_1014422-1024x577.jpg 1024w, https:\/\/agora.xtec.cat\/ceipgranullarius\/wp-content\/uploads\/usu769\/2025\/02\/Copia-de-20250123_1014422-300x169.jpg 300w, https:\/\/agora.xtec.cat\/ceipgranullarius\/wp-content\/uploads\/usu769\/2025\/02\/Copia-de-20250123_1014422-768x432.jpg 768w, https:\/\/agora.xtec.cat\/ceipgranullarius\/wp-content\/uploads\/usu769\/2025\/02\/Copia-de-20250123_1014422-1536x865.jpg 1536w, https:\/\/agora.xtec.cat\/ceipgranullarius\/wp-content\/uploads\/usu769\/2025\/02\/Copia-de-20250123_1014422-2048x1153.jpg 2048w\" sizes=\"auto, (max-width: 1024px) 100vw, 1024px\" \/><\/p>\n<p><span style=\"font-weight: 400;\">Els alumnes de 4t vam fer un taller de teatre el passat dijous 23 de gener. Vam representar que era per nosaltres el teatre de dues formes ben originals. Una fent un dibuix i l\u2019altre definint amb una sola paraula.<\/span><\/p>\n<p><span style=\"font-weight: 400;\">Un dels objectius era fomentar l\u2019\u00fas de la llengua catalana.<\/span><\/p>\n<p><span style=\"font-weight: 400;\">Ens ho vam passar d\u2019all\u00f2 m\u00e9s b\u00e9!\u00a0 <\/span><\/p>\n<p><a href=\"https:\/\/photos.app.goo.gl\/9ij9qa1wEbUmeZCs5\">Fotos<\/a><\/p>\n","protected":false},"excerpt":{"rendered":"<p>Els alumnes de 4t vam fer un taller de teatre el passat dijous 23 de gener. Vam representar que era per nosaltres el teatre de dues formes ben originals. Una fent un dibuix i l\u2019altre definint amb una sola paraula.<br \/>\nUn dels objectius era fomentar l\u2019\u00fas&hellip;  <a href=\"https:\/\/agora.xtec.cat\/ceipgranullarius\/general\/fem-teatre-a-4t\/\" title=\"Read Fem teatre a 4t!\">Llegeix m\u00e9s\u00bb<\/a><\/p>\n","protected":false},"author":1,"featured_media":0,"comment_status":"open","ping_status":"closed","sticky":false,"template":"","format":"standard","meta":{"_bbp_topic_count":0,"_bbp_reply_count":0,"_bbp_total_topic_count":0,"_bbp_total_reply_count":0,"_bbp_voice_count":0,"_bbp_anonymous_reply_count":0,"_bbp_topic_count_hidden":0,"_bbp_reply_count_hidden":0,"_bbp_forum_subforum_count":0,"footnotes":""},"categories":[13,49,63,51,1,4],"tags":[],"class_list":["post-4464","post","type-post","status-publish","format-standard","hentry","category-4t","category-cicle-mitja","category-educacio-primaria","category-escola","category-general","category-portada"],"post_mailing_queue_ids":[],"_links":{"self":[{"href":"https:\/\/agora.xtec.cat\/ceipgranullarius\/wp-json\/wp\/v2\/posts\/4464","targetHints":{"allow":["GET"]}}],"collection":[{"href":"https:\/\/agora.xtec.cat\/ceipgranullarius\/wp-json\/wp\/v2\/posts"}],"about":[{"href":"https:\/\/agora.xtec.cat\/ceipgranullarius\/wp-json\/wp\/v2\/types\/post"}],"author":[{"embeddable":true,"href":"https:\/\/agora.xtec.cat\/ceipgranullarius\/wp-json\/wp\/v2\/users\/1"}],"replies":[{"embeddable":true,"href":"https:\/\/agora.xtec.cat\/ceipgranullarius\/wp-json\/wp\/v2\/comments?post=4464"}],"version-history":[{"count":1,"href":"https:\/\/agora.xtec.cat\/ceipgranullarius\/wp-json\/wp\/v2\/posts\/4464\/revisions"}],"predecessor-version":[{"id":4468,"href":"https:\/\/agora.xtec.cat\/ceipgranullarius\/wp-json\/wp\/v2\/posts\/4464\/revisions\/4468"}],"wp:attachment":[{"href":"https:\/\/agora.xtec.cat\/ceipgranullarius\/wp-json\/wp\/v2\/media?parent=4464"}],"wp:term":[{"taxonomy":"category","embeddable":true,"href":"https:\/\/agora.xtec.cat\/ceipgranullarius\/wp-json\/wp\/v2\/categories?post=4464"},{"taxonomy":"post_tag","embeddable":true,"href":"https:\/\/agora.xtec.cat\/ceipgranullarius\/wp-json\/wp\/v2\/tags?post=4464"}],"curies":[{"name":"wp","href":"https:\/\/api.w.org\/{rel}","templated":true}]}}