{"id":4458,"date":"2025-02-04T11:59:33","date_gmt":"2025-02-04T10:59:33","guid":{"rendered":"https:\/\/agora.xtec.cat\/ceipgranullarius\/?p=4458"},"modified":"2025-02-04T11:59:33","modified_gmt":"2025-02-04T10:59:33","slug":"i5-la-nostra-biblioteca","status":"publish","type":"post","link":"https:\/\/agora.xtec.cat\/ceipgranullarius\/general\/i5-la-nostra-biblioteca\/","title":{"rendered":"I5 &#8211; La nostra biblioteca"},"content":{"rendered":"<p><img loading=\"lazy\" decoding=\"async\" class=\"aligncenter size-large wp-image-4459\" src=\"https:\/\/agora.xtec.cat\/ceipgranullarius\/wp-content\/uploads\/usu769\/2025\/02\/portada-1024x568.jpg\" alt=\"\" width=\"1024\" height=\"568\" srcset=\"https:\/\/agora.xtec.cat\/ceipgranullarius\/wp-content\/uploads\/usu769\/2025\/02\/portada-1024x568.jpg 1024w, https:\/\/agora.xtec.cat\/ceipgranullarius\/wp-content\/uploads\/usu769\/2025\/02\/portada-300x166.jpg 300w, https:\/\/agora.xtec.cat\/ceipgranullarius\/wp-content\/uploads\/usu769\/2025\/02\/portada-768x426.jpg 768w, https:\/\/agora.xtec.cat\/ceipgranullarius\/wp-content\/uploads\/usu769\/2025\/02\/portada-1536x851.jpg 1536w, https:\/\/agora.xtec.cat\/ceipgranullarius\/wp-content\/uploads\/usu769\/2025\/02\/portada-2048x1135.jpg 2048w\" sizes=\"auto, (max-width: 1024px) 100vw, 1024px\" \/><\/p>\n<p><span style=\"font-weight: 400;\">A I5 al passad\u00eds tenim la nostra petita biblioteca per gaudir de la lectura individual o amb algun company o companya. Ens encanta, passar una bona estona amb un bon llibre, asseguts, ben c\u00f2modes a les butaques, coixins i matalassos que tenim al nostre rac\u00f3 de lectura. A la nostra biblioteca trobareu un munt de contes, llibres de coneixements i revistes.<\/span><\/p>\n<p><span style=\"font-weight: 400;\">Per fer l\u2019espai m\u00e9s acollidor vam decorar la paret amb un mural del conte <\/span><b><i>Color carn<\/i><\/b><span style=\"font-weight: 400;\">, que vam escoltar i treballar a l&#8217;<\/span><b>Espai de Contes <\/b><span style=\"font-weight: 400;\">que fem els dilluns despr\u00e9s del pati. Tamb\u00e9 vam decorar el m\u00f2bil que tenim penjat amb pinyes pintades amb colors de la tardor. Ara que ja tenim aqu\u00ed l\u2019hivern hem guarnit el m\u00f2bil, fent grafismes d&#8217;espirals i flocs de neu. Desitgem que us agradi.<\/span><\/p>\n<p><a href=\"https:\/\/photos.app.goo.gl\/B5SZmUzH8K1etbtG6\">Fotos<\/a><\/p>\n","protected":false},"excerpt":{"rendered":"<p>A I5 al passad\u00eds tenim la nostra petita biblioteca per gaudir de la lectura individual o amb algun company o companya. Ens encanta, passar una bona estona amb un bon llibre, asseguts, ben c\u00f2modes a les butaques, coixins i matalassos que tenim al nostre rac\u00f3&hellip;  <a href=\"https:\/\/agora.xtec.cat\/ceipgranullarius\/general\/i5-la-nostra-biblioteca\/\" title=\"Read I5 &#8211; La nostra biblioteca\">Llegeix m\u00e9s\u00bb<\/a><\/p>\n","protected":false},"author":1,"featured_media":0,"comment_status":"open","ping_status":"closed","sticky":false,"template":"","format":"standard","meta":{"_bbp_topic_count":0,"_bbp_reply_count":0,"_bbp_total_topic_count":0,"_bbp_total_reply_count":0,"_bbp_voice_count":0,"_bbp_anonymous_reply_count":0,"_bbp_topic_count_hidden":0,"_bbp_reply_count_hidden":0,"_bbp_forum_subforum_count":0,"footnotes":""},"categories":[2,51,1,9,4,53],"tags":[],"class_list":["post-4458","post","type-post","status-publish","format-standard","hentry","category-educacio-infantil","category-escola","category-general","category-i5","category-portada","category-projectes"],"post_mailing_queue_ids":[],"_links":{"self":[{"href":"https:\/\/agora.xtec.cat\/ceipgranullarius\/wp-json\/wp\/v2\/posts\/4458","targetHints":{"allow":["GET"]}}],"collection":[{"href":"https:\/\/agora.xtec.cat\/ceipgranullarius\/wp-json\/wp\/v2\/posts"}],"about":[{"href":"https:\/\/agora.xtec.cat\/ceipgranullarius\/wp-json\/wp\/v2\/types\/post"}],"author":[{"embeddable":true,"href":"https:\/\/agora.xtec.cat\/ceipgranullarius\/wp-json\/wp\/v2\/users\/1"}],"replies":[{"embeddable":true,"href":"https:\/\/agora.xtec.cat\/ceipgranullarius\/wp-json\/wp\/v2\/comments?post=4458"}],"version-history":[{"count":1,"href":"https:\/\/agora.xtec.cat\/ceipgranullarius\/wp-json\/wp\/v2\/posts\/4458\/revisions"}],"predecessor-version":[{"id":4460,"href":"https:\/\/agora.xtec.cat\/ceipgranullarius\/wp-json\/wp\/v2\/posts\/4458\/revisions\/4460"}],"wp:attachment":[{"href":"https:\/\/agora.xtec.cat\/ceipgranullarius\/wp-json\/wp\/v2\/media?parent=4458"}],"wp:term":[{"taxonomy":"category","embeddable":true,"href":"https:\/\/agora.xtec.cat\/ceipgranullarius\/wp-json\/wp\/v2\/categories?post=4458"},{"taxonomy":"post_tag","embeddable":true,"href":"https:\/\/agora.xtec.cat\/ceipgranullarius\/wp-json\/wp\/v2\/tags?post=4458"}],"curies":[{"name":"wp","href":"https:\/\/api.w.org\/{rel}","templated":true}]}}