{"id":4455,"date":"2025-02-04T11:45:50","date_gmt":"2025-02-04T10:45:50","guid":{"rendered":"https:\/\/agora.xtec.cat\/ceipgranullarius\/?p=4455"},"modified":"2025-02-04T11:45:50","modified_gmt":"2025-02-04T10:45:50","slug":"erasmus-alasvo-primer-dia-de-la-formacio-steam-a-oulu","status":"publish","type":"post","link":"https:\/\/agora.xtec.cat\/ceipgranullarius\/general\/erasmus-alasvo-primer-dia-de-la-formacio-steam-a-oulu\/","title":{"rendered":"Erasmus+ ALASVO &#8211; Primer dia de la formaci\u00f3 STEAM a Oulu"},"content":{"rendered":"<p><img loading=\"lazy\" decoding=\"async\" class=\"aligncenter size-full wp-image-4456\" src=\"https:\/\/agora.xtec.cat\/ceipgranullarius\/wp-content\/uploads\/usu769\/2025\/02\/foto1.jpg\" alt=\"\" width=\"688\" height=\"444\" srcset=\"https:\/\/agora.xtec.cat\/ceipgranullarius\/wp-content\/uploads\/usu769\/2025\/02\/foto1.jpg 688w, https:\/\/agora.xtec.cat\/ceipgranullarius\/wp-content\/uploads\/usu769\/2025\/02\/foto1-300x194.jpg 300w\" sizes=\"auto, (max-width: 688px) 100vw, 688px\" \/><\/p>\n<p><span style=\"font-weight: 400;\">La mobilitat ALASVO ha iniciat una nova etapa de formaci\u00f3 STEAM a la ciutat d\u2019Oulu, Finl\u00e0ndia, designada futura Ciutat Cultura de l\u2019any 2026. El dissabte 1 de febrer, els i les nostres mestres i professionals de diversos pa\u00efsos van arribar a aquesta ciutat tecnol\u00f2gica, reconeguda per la seva aposta per la innovaci\u00f3 i la qualitat educativa.<\/span><\/p>\n<p><a href=\"https:\/\/photos.app.goo.gl\/vyu3mT39rfo1CbfX6\">Fotos<\/a><\/p>\n<p>Per a llegir m\u00e9s, visita el nostre SITES ERASMUS+ ALASVO, clicant a la columna de la dreta.<\/p>\n","protected":false},"excerpt":{"rendered":"<p>La mobilitat ALASVO ha iniciat una nova etapa de formaci\u00f3 STEAM a la ciutat d\u2019Oulu, Finl\u00e0ndia, designada futura Ciutat Cultura de l\u2019any 2026. El dissabte 1 de febrer, els i les nostres mestres i professionals de diversos pa\u00efsos van arribar a aquesta ciutat tecnol\u00f2gica, reconeguda&hellip;  <a href=\"https:\/\/agora.xtec.cat\/ceipgranullarius\/general\/erasmus-alasvo-primer-dia-de-la-formacio-steam-a-oulu\/\" title=\"Read Erasmus+ ALASVO &#8211; Primer dia de la formaci\u00f3 STEAM a Oulu\">Llegeix m\u00e9s\u00bb<\/a><\/p>\n","protected":false},"author":1,"featured_media":0,"comment_status":"open","ping_status":"closed","sticky":false,"template":"","format":"standard","meta":{"_bbp_topic_count":0,"_bbp_reply_count":0,"_bbp_total_topic_count":0,"_bbp_total_reply_count":0,"_bbp_voice_count":0,"_bbp_anonymous_reply_count":0,"_bbp_topic_count_hidden":0,"_bbp_reply_count_hidden":0,"_bbp_forum_subforum_count":0,"footnotes":""},"categories":[2,63,66,51,1,46,65,4,53],"tags":[],"class_list":["post-4455","post","type-post","status-publish","format-standard","hentry","category-educacio-infantil","category-educacio-primaria","category-erasmus","category-escola","category-general","category-som-escola-gep","category-internacionalitzacio-del-centre","category-portada","category-projectes"],"post_mailing_queue_ids":[],"_links":{"self":[{"href":"https:\/\/agora.xtec.cat\/ceipgranullarius\/wp-json\/wp\/v2\/posts\/4455","targetHints":{"allow":["GET"]}}],"collection":[{"href":"https:\/\/agora.xtec.cat\/ceipgranullarius\/wp-json\/wp\/v2\/posts"}],"about":[{"href":"https:\/\/agora.xtec.cat\/ceipgranullarius\/wp-json\/wp\/v2\/types\/post"}],"author":[{"embeddable":true,"href":"https:\/\/agora.xtec.cat\/ceipgranullarius\/wp-json\/wp\/v2\/users\/1"}],"replies":[{"embeddable":true,"href":"https:\/\/agora.xtec.cat\/ceipgranullarius\/wp-json\/wp\/v2\/comments?post=4455"}],"version-history":[{"count":1,"href":"https:\/\/agora.xtec.cat\/ceipgranullarius\/wp-json\/wp\/v2\/posts\/4455\/revisions"}],"predecessor-version":[{"id":4457,"href":"https:\/\/agora.xtec.cat\/ceipgranullarius\/wp-json\/wp\/v2\/posts\/4455\/revisions\/4457"}],"wp:attachment":[{"href":"https:\/\/agora.xtec.cat\/ceipgranullarius\/wp-json\/wp\/v2\/media?parent=4455"}],"wp:term":[{"taxonomy":"category","embeddable":true,"href":"https:\/\/agora.xtec.cat\/ceipgranullarius\/wp-json\/wp\/v2\/categories?post=4455"},{"taxonomy":"post_tag","embeddable":true,"href":"https:\/\/agora.xtec.cat\/ceipgranullarius\/wp-json\/wp\/v2\/tags?post=4455"}],"curies":[{"name":"wp","href":"https:\/\/api.w.org\/{rel}","templated":true}]}}