{"id":4434,"date":"2025-01-22T12:32:23","date_gmt":"2025-01-22T11:32:23","guid":{"rendered":"https:\/\/agora.xtec.cat\/ceipgranullarius\/?p=4434"},"modified":"2025-01-22T12:32:23","modified_gmt":"2025-01-22T11:32:23","slug":"logo-guanyador-del-50-aniversari-de-lescola","status":"publish","type":"post","link":"https:\/\/agora.xtec.cat\/ceipgranullarius\/general\/logo-guanyador-del-50-aniversari-de-lescola\/","title":{"rendered":"Logo guanyador del 50 aniversari de l&#8217;escola"},"content":{"rendered":"<p><img loading=\"lazy\" decoding=\"async\" class=\"aligncenter size-full wp-image-4435\" src=\"https:\/\/agora.xtec.cat\/ceipgranullarius\/wp-content\/uploads\/usu769\/2025\/01\/Captura-de-pantalla-2025-01-22-120858.jpg\" alt=\"\" width=\"760\" height=\"580\" srcset=\"https:\/\/agora.xtec.cat\/ceipgranullarius\/wp-content\/uploads\/usu769\/2025\/01\/Captura-de-pantalla-2025-01-22-120858.jpg 760w, https:\/\/agora.xtec.cat\/ceipgranullarius\/wp-content\/uploads\/usu769\/2025\/01\/Captura-de-pantalla-2025-01-22-120858-300x229.jpg 300w\" sizes=\"auto, (max-width: 760px) 100vw, 760px\" \/><\/p>\n<p>Ja tenim logo guanyador del Logo del 50 aniversari de l&#8217;escola!<br \/>\n\u00c9s l&#8217;\u00d2scar David Acosta, pare de la Nicole de 5\u00e8 i l&#8217;Iris de 2n, moltes felicitats!\ud83d\udc4f\ud83c\udffb\ud83d\udc4f\ud83c\udffb\ud83c\udf89<br \/>\nMoltes gr\u00e0cies a totes les persones de la comunitat educativa que ha participat.<br \/>\n<a href=\"https:\/\/photos.app.goo.gl\/aCnBBuN7uWzLkAV97\">Fotos<\/a><\/p>\n<p><a class=\"x1i10hfl xjbqb8w x1ejq31n xd10rxx x1sy0etr x17r0tee x972fbf xcfux6l x1qhh985 xm0m39n x9f619 x1ypdohk xt0psk2 xe8uvvx xdj266r x11i5rnm xat24cr x1mh8g0r xexx8yu x4uap5 x18d9i69 xkhd6sd x16tdsg8 x1hl2dhg xggy1nq x1a2a7pz  _aa9_ _a6hd\" tabindex=\"0\" role=\"link\" href=\"https:\/\/www.instagram.com\/explore\/tags\/50aniversariescolagranullarius\/\">#50aniversariescolagranullarius<\/a><\/p>\n","protected":false},"excerpt":{"rendered":"<p>Ja tenim logo guanyador del Logo del 50 aniversari de l&#8217;escola!<br \/>\n\u00c9s l&#8217;\u00d2scar David Acosta, pare de la Nicole de 5\u00e8 i l&#8217;Iris de 2n, moltes felicitats!\ud83d\udc4f\ud83c\udffb\ud83d\udc4f\ud83c\udffb\ud83c\udf89<br \/>\nMoltes gr\u00e0cies a totes les persones de la comunitat educativa que ha participat.<br \/>\n<a href=\"https:\/\/photos.app.goo.gl\/aCnBBuN7uWzLkAV97\">Fotos<\/a><br \/>\n<a class=\"x1i10hfl xjbqb8w x1ejq31n xd10rxx x1sy0etr x17r0tee&hellip;  <a href=\"https:\/\/agora.xtec.cat\/ceipgranullarius\/general\/logo-guanyador-del-50-aniversari-de-lescola\/\" title=\"Read Logo guanyador del 50 aniversari de l&#8217;escola\">Llegeix m\u00e9s\u00bb<\/a><\/p>\n","protected":false},"author":1,"featured_media":0,"comment_status":"open","ping_status":"closed","sticky":false,"template":"","format":"standard","meta":{"_bbp_topic_count":0,"_bbp_reply_count":0,"_bbp_total_topic_count":0,"_bbp_total_reply_count":0,"_bbp_voice_count":0,"_bbp_anonymous_reply_count":0,"_bbp_topic_count_hidden":0,"_bbp_reply_count_hidden":0,"_bbp_forum_subforum_count":0,"footnotes":""},"categories":[2,63,51,1,4],"tags":[],"class_list":["post-4434","post","type-post","status-publish","format-standard","hentry","category-educacio-infantil","category-educacio-primaria","category-escola","category-general","category-portada"],"post_mailing_queue_ids":[],"_links":{"self":[{"href":"https:\/\/agora.xtec.cat\/ceipgranullarius\/wp-json\/wp\/v2\/posts\/4434","targetHints":{"allow":["GET"]}}],"collection":[{"href":"https:\/\/agora.xtec.cat\/ceipgranullarius\/wp-json\/wp\/v2\/posts"}],"about":[{"href":"https:\/\/agora.xtec.cat\/ceipgranullarius\/wp-json\/wp\/v2\/types\/post"}],"author":[{"embeddable":true,"href":"https:\/\/agora.xtec.cat\/ceipgranullarius\/wp-json\/wp\/v2\/users\/1"}],"replies":[{"embeddable":true,"href":"https:\/\/agora.xtec.cat\/ceipgranullarius\/wp-json\/wp\/v2\/comments?post=4434"}],"version-history":[{"count":1,"href":"https:\/\/agora.xtec.cat\/ceipgranullarius\/wp-json\/wp\/v2\/posts\/4434\/revisions"}],"predecessor-version":[{"id":4436,"href":"https:\/\/agora.xtec.cat\/ceipgranullarius\/wp-json\/wp\/v2\/posts\/4434\/revisions\/4436"}],"wp:attachment":[{"href":"https:\/\/agora.xtec.cat\/ceipgranullarius\/wp-json\/wp\/v2\/media?parent=4434"}],"wp:term":[{"taxonomy":"category","embeddable":true,"href":"https:\/\/agora.xtec.cat\/ceipgranullarius\/wp-json\/wp\/v2\/categories?post=4434"},{"taxonomy":"post_tag","embeddable":true,"href":"https:\/\/agora.xtec.cat\/ceipgranullarius\/wp-json\/wp\/v2\/tags?post=4434"}],"curies":[{"name":"wp","href":"https:\/\/api.w.org\/{rel}","templated":true}]}}