{"id":4420,"date":"2025-01-10T16:11:21","date_gmt":"2025-01-10T15:11:21","guid":{"rendered":"https:\/\/agora.xtec.cat\/ceipgranullarius\/?p=4420"},"modified":"2025-01-10T16:11:21","modified_gmt":"2025-01-10T15:11:21","slug":"1r-taller-cami-dels-residus","status":"publish","type":"post","link":"https:\/\/agora.xtec.cat\/ceipgranullarius\/general\/1r-taller-cami-dels-residus\/","title":{"rendered":"1r &#8211; Taller &#8220;Cam\u00ed dels residus&#8221;"},"content":{"rendered":"<p><img loading=\"lazy\" decoding=\"async\" class=\"aligncenter size-full wp-image-4421\" src=\"https:\/\/agora.xtec.cat\/ceipgranullarius\/wp-content\/uploads\/usu769\/2025\/01\/1.-Portada.png\" alt=\"\" width=\"658\" height=\"495\" srcset=\"https:\/\/agora.xtec.cat\/ceipgranullarius\/wp-content\/uploads\/usu769\/2025\/01\/1.-Portada.png 658w, https:\/\/agora.xtec.cat\/ceipgranullarius\/wp-content\/uploads\/usu769\/2025\/01\/1.-Portada-300x226.png 300w, https:\/\/agora.xtec.cat\/ceipgranullarius\/wp-content\/uploads\/usu769\/2025\/01\/1.-Portada-200x150.png 200w\" sizes=\"auto, (max-width: 658px) 100vw, 658px\" \/><\/p>\n<p><span style=\"font-weight: 400;\">Els i les alumnes de la classe dels meteorits (1rA) i dels forats negres (1rB) vam fer un taller sobre reciclatge per descobrir qu\u00e8 es fa amb els residus que generem. Primer vam classificar diferents deixalles en els seus contenidors i despr\u00e9s, vam fer el cam\u00ed que recorren pel seu reciclatge amb un cami\u00f3 de joguina.<\/span><\/p>\n<p><span style=\"font-weight: 400;\">Recordeu sempre tenir en compte les 3 R: <\/span><b>Reduir, Reciclar i Reutilitzar<\/b><span style=\"font-weight: 400;\">!<\/span><\/p>\n<p><a href=\"https:\/\/photos.app.goo.gl\/SwiTv575pVDxyycbA\">Fotos<\/a><\/p>\n","protected":false},"excerpt":{"rendered":"<p>Els i les alumnes de la classe dels meteorits (1rA) i dels forats negres (1rB) vam fer un taller sobre reciclatge per descobrir qu\u00e8 es fa amb els residus que generem. Primer vam classificar diferents deixalles en els seus contenidors i despr\u00e9s, vam fer el&hellip;  <a href=\"https:\/\/agora.xtec.cat\/ceipgranullarius\/general\/1r-taller-cami-dels-residus\/\" title=\"Read 1r &#8211; Taller &#8220;Cam\u00ed dels residus&#8221;\">Llegeix m\u00e9s\u00bb<\/a><\/p>\n","protected":false},"author":1,"featured_media":0,"comment_status":"open","ping_status":"closed","sticky":false,"template":"","format":"standard","meta":{"_bbp_topic_count":0,"_bbp_reply_count":0,"_bbp_total_topic_count":0,"_bbp_total_reply_count":0,"_bbp_voice_count":0,"_bbp_anonymous_reply_count":0,"_bbp_topic_count_hidden":0,"_bbp_reply_count_hidden":0,"_bbp_forum_subforum_count":0,"footnotes":""},"categories":[10,62,63,51,1,4,53],"tags":[],"class_list":["post-4420","post","type-post","status-publish","format-standard","hentry","category-1r","category-cicle-inicial","category-educacio-primaria","category-escola","category-general","category-portada","category-projectes"],"post_mailing_queue_ids":[],"_links":{"self":[{"href":"https:\/\/agora.xtec.cat\/ceipgranullarius\/wp-json\/wp\/v2\/posts\/4420","targetHints":{"allow":["GET"]}}],"collection":[{"href":"https:\/\/agora.xtec.cat\/ceipgranullarius\/wp-json\/wp\/v2\/posts"}],"about":[{"href":"https:\/\/agora.xtec.cat\/ceipgranullarius\/wp-json\/wp\/v2\/types\/post"}],"author":[{"embeddable":true,"href":"https:\/\/agora.xtec.cat\/ceipgranullarius\/wp-json\/wp\/v2\/users\/1"}],"replies":[{"embeddable":true,"href":"https:\/\/agora.xtec.cat\/ceipgranullarius\/wp-json\/wp\/v2\/comments?post=4420"}],"version-history":[{"count":1,"href":"https:\/\/agora.xtec.cat\/ceipgranullarius\/wp-json\/wp\/v2\/posts\/4420\/revisions"}],"predecessor-version":[{"id":4422,"href":"https:\/\/agora.xtec.cat\/ceipgranullarius\/wp-json\/wp\/v2\/posts\/4420\/revisions\/4422"}],"wp:attachment":[{"href":"https:\/\/agora.xtec.cat\/ceipgranullarius\/wp-json\/wp\/v2\/media?parent=4420"}],"wp:term":[{"taxonomy":"category","embeddable":true,"href":"https:\/\/agora.xtec.cat\/ceipgranullarius\/wp-json\/wp\/v2\/categories?post=4420"},{"taxonomy":"post_tag","embeddable":true,"href":"https:\/\/agora.xtec.cat\/ceipgranullarius\/wp-json\/wp\/v2\/tags?post=4420"}],"curies":[{"name":"wp","href":"https:\/\/api.w.org\/{rel}","templated":true}]}}