{"id":4408,"date":"2024-12-04T13:26:54","date_gmt":"2024-12-04T12:26:54","guid":{"rendered":"https:\/\/agora.xtec.cat\/ceipgranullarius\/?p=4408"},"modified":"2024-12-04T13:26:54","modified_gmt":"2024-12-04T12:26:54","slug":"2n-cantem-al-nadal-a-votv","status":"publish","type":"post","link":"https:\/\/agora.xtec.cat\/ceipgranullarius\/general\/2n-cantem-al-nadal-a-votv\/","title":{"rendered":"2n &#8211; Cantem al Nadal a VOTV"},"content":{"rendered":"<p><img loading=\"lazy\" decoding=\"async\" class=\"aligncenter size-large wp-image-4409\" src=\"https:\/\/agora.xtec.cat\/ceipgranullarius\/wp-content\/uploads\/usu769\/2024\/12\/0-Portada-1024x771.jpg\" alt=\"\" width=\"1024\" height=\"771\" srcset=\"https:\/\/agora.xtec.cat\/ceipgranullarius\/wp-content\/uploads\/usu769\/2024\/12\/0-Portada-1024x771.jpg 1024w, https:\/\/agora.xtec.cat\/ceipgranullarius\/wp-content\/uploads\/usu769\/2024\/12\/0-Portada-300x226.jpg 300w, https:\/\/agora.xtec.cat\/ceipgranullarius\/wp-content\/uploads\/usu769\/2024\/12\/0-Portada-768x578.jpg 768w, https:\/\/agora.xtec.cat\/ceipgranullarius\/wp-content\/uploads\/usu769\/2024\/12\/0-Portada-1536x1157.jpg 1536w, https:\/\/agora.xtec.cat\/ceipgranullarius\/wp-content\/uploads\/usu769\/2024\/12\/0-Portada-2048x1542.jpg 2048w, https:\/\/agora.xtec.cat\/ceipgranullarius\/wp-content\/uploads\/usu769\/2024\/12\/0-Portada-200x150.jpg 200w\" sizes=\"auto, (max-width: 1024px) 100vw, 1024px\" \/><\/p>\n<p><span style=\"font-weight: 400;\">Els nens i les nenes de 2n hem anat a Vall\u00e8s Oriental Televisi\u00f3 a gravar la can\u00e7\u00f3 \u201cBombeta de Nadal\u201d.\u00a0<\/span><\/p>\n<p><span style=\"font-weight: 400;\">Ha estat una experi\u00e8ncia \u00fanica!<\/span><\/p>\n<p><span style=\"font-weight: 400;\">Ens podreu veure el 25 de desembre a les 20h al Programa \u201cCantem al Nadal\u201d de VOTV.<\/span><\/p>\n<p><a href=\"https:\/\/photos.app.goo.gl\/8wn4NEfYqZbzK6wp8\">Fotos<\/a><\/p>\n","protected":false},"excerpt":{"rendered":"<p>Els nens i les nenes de 2n hem anat a Vall\u00e8s Oriental Televisi\u00f3 a gravar la can\u00e7\u00f3 \u201cBombeta de Nadal\u201d.\u00a0<br \/>\nHa estat una experi\u00e8ncia \u00fanica!<br \/>\nEns podreu veure el 25 de desembre a les 20h al Programa \u201cCantem al Nadal\u201d de VOTV.<br \/>\n<a href=\"https:\/\/photos.app.goo.gl\/8wn4NEfYqZbzK6wp8\">Fotos<\/a><\/p>\n","protected":false},"author":1,"featured_media":0,"comment_status":"open","ping_status":"closed","sticky":false,"template":"","format":"standard","meta":{"_bbp_topic_count":0,"_bbp_reply_count":0,"_bbp_total_topic_count":0,"_bbp_total_reply_count":0,"_bbp_voice_count":0,"_bbp_anonymous_reply_count":0,"_bbp_topic_count_hidden":0,"_bbp_reply_count_hidden":0,"_bbp_forum_subforum_count":0,"footnotes":""},"categories":[11,62,63,51,1,4],"tags":[],"class_list":["post-4408","post","type-post","status-publish","format-standard","hentry","category-2n","category-cicle-inicial","category-educacio-primaria","category-escola","category-general","category-portada"],"post_mailing_queue_ids":[],"_links":{"self":[{"href":"https:\/\/agora.xtec.cat\/ceipgranullarius\/wp-json\/wp\/v2\/posts\/4408","targetHints":{"allow":["GET"]}}],"collection":[{"href":"https:\/\/agora.xtec.cat\/ceipgranullarius\/wp-json\/wp\/v2\/posts"}],"about":[{"href":"https:\/\/agora.xtec.cat\/ceipgranullarius\/wp-json\/wp\/v2\/types\/post"}],"author":[{"embeddable":true,"href":"https:\/\/agora.xtec.cat\/ceipgranullarius\/wp-json\/wp\/v2\/users\/1"}],"replies":[{"embeddable":true,"href":"https:\/\/agora.xtec.cat\/ceipgranullarius\/wp-json\/wp\/v2\/comments?post=4408"}],"version-history":[{"count":1,"href":"https:\/\/agora.xtec.cat\/ceipgranullarius\/wp-json\/wp\/v2\/posts\/4408\/revisions"}],"predecessor-version":[{"id":4410,"href":"https:\/\/agora.xtec.cat\/ceipgranullarius\/wp-json\/wp\/v2\/posts\/4408\/revisions\/4410"}],"wp:attachment":[{"href":"https:\/\/agora.xtec.cat\/ceipgranullarius\/wp-json\/wp\/v2\/media?parent=4408"}],"wp:term":[{"taxonomy":"category","embeddable":true,"href":"https:\/\/agora.xtec.cat\/ceipgranullarius\/wp-json\/wp\/v2\/categories?post=4408"},{"taxonomy":"post_tag","embeddable":true,"href":"https:\/\/agora.xtec.cat\/ceipgranullarius\/wp-json\/wp\/v2\/tags?post=4408"}],"curies":[{"name":"wp","href":"https:\/\/api.w.org\/{rel}","templated":true}]}}