{"id":4405,"date":"2024-11-18T15:33:31","date_gmt":"2024-11-18T14:33:31","guid":{"rendered":"https:\/\/agora.xtec.cat\/ceipgranullarius\/?p=4405"},"modified":"2024-11-18T15:33:31","modified_gmt":"2024-11-18T14:33:31","slug":"i5-fem-el-mural-del-nom-de-la-classe","status":"publish","type":"post","link":"https:\/\/agora.xtec.cat\/ceipgranullarius\/general\/i5-fem-el-mural-del-nom-de-la-classe\/","title":{"rendered":"I5 &#8211; Fem el mural del nom de la classe"},"content":{"rendered":"<p><img loading=\"lazy\" decoding=\"async\" class=\"aligncenter size-large wp-image-4406\" src=\"https:\/\/agora.xtec.cat\/ceipgranullarius\/wp-content\/uploads\/usu769\/2024\/11\/PORTADA-1024x588.jpg\" alt=\"\" width=\"1024\" height=\"588\" srcset=\"https:\/\/agora.xtec.cat\/ceipgranullarius\/wp-content\/uploads\/usu769\/2024\/11\/PORTADA-1024x588.jpg 1024w, https:\/\/agora.xtec.cat\/ceipgranullarius\/wp-content\/uploads\/usu769\/2024\/11\/PORTADA-300x172.jpg 300w, https:\/\/agora.xtec.cat\/ceipgranullarius\/wp-content\/uploads\/usu769\/2024\/11\/PORTADA-768x441.jpg 768w, https:\/\/agora.xtec.cat\/ceipgranullarius\/wp-content\/uploads\/usu769\/2024\/11\/PORTADA-1536x882.jpg 1536w, https:\/\/agora.xtec.cat\/ceipgranullarius\/wp-content\/uploads\/usu769\/2024\/11\/PORTADA-2048x1176.jpg 2048w\" sizes=\"auto, (max-width: 1024px) 100vw, 1024px\" \/><\/p>\n<p align=\"left\">Aquest curs els noms de les classes havien de fer refer\u00e8ncia a l\u2019univers. La classe d&#8217;I5A van votar per majoria les Estrelles i la classe d\u2019I5B els Cometes.<\/p>\n<p align=\"left\">Aqu\u00ed us presentem un tastet del nostre mural que podeu venir a visitar al passad\u00eds del primer pis, per poder veure b\u00e9 tots els detalls. Esteu convidats i convidades!<\/p>\n<p align=\"left\">Ha participat la nostra estimada directora, la Merc\u00e8. A veure si la trobeu!<\/p>\n<p><a href=\"https:\/\/photos.app.goo.gl\/K2mw8ucBnygqarR28\">Fotos<\/a><\/p>\n","protected":false},"excerpt":{"rendered":"<p>Aquest curs els noms de les classes havien de fer refer\u00e8ncia a l\u2019univers. La classe d&#8217;I5A van votar per majoria les Estrelles i la classe d\u2019I5B els Cometes.<br \/>\nAqu\u00ed us presentem un tastet del nostre mural que podeu venir a visitar al passad\u00eds del primer pis,&hellip;  <a href=\"https:\/\/agora.xtec.cat\/ceipgranullarius\/general\/i5-fem-el-mural-del-nom-de-la-classe\/\" title=\"Read I5 &#8211; Fem el mural del nom de la classe\">Llegeix m\u00e9s\u00bb<\/a><\/p>\n","protected":false},"author":1,"featured_media":0,"comment_status":"open","ping_status":"closed","sticky":false,"template":"","format":"standard","meta":{"_bbp_topic_count":0,"_bbp_reply_count":0,"_bbp_total_topic_count":0,"_bbp_total_reply_count":0,"_bbp_voice_count":0,"_bbp_anonymous_reply_count":0,"_bbp_topic_count_hidden":0,"_bbp_reply_count_hidden":0,"_bbp_forum_subforum_count":0,"footnotes":""},"categories":[2,51,1,9,4],"tags":[],"class_list":["post-4405","post","type-post","status-publish","format-standard","hentry","category-educacio-infantil","category-escola","category-general","category-i5","category-portada"],"post_mailing_queue_ids":[],"_links":{"self":[{"href":"https:\/\/agora.xtec.cat\/ceipgranullarius\/wp-json\/wp\/v2\/posts\/4405","targetHints":{"allow":["GET"]}}],"collection":[{"href":"https:\/\/agora.xtec.cat\/ceipgranullarius\/wp-json\/wp\/v2\/posts"}],"about":[{"href":"https:\/\/agora.xtec.cat\/ceipgranullarius\/wp-json\/wp\/v2\/types\/post"}],"author":[{"embeddable":true,"href":"https:\/\/agora.xtec.cat\/ceipgranullarius\/wp-json\/wp\/v2\/users\/1"}],"replies":[{"embeddable":true,"href":"https:\/\/agora.xtec.cat\/ceipgranullarius\/wp-json\/wp\/v2\/comments?post=4405"}],"version-history":[{"count":1,"href":"https:\/\/agora.xtec.cat\/ceipgranullarius\/wp-json\/wp\/v2\/posts\/4405\/revisions"}],"predecessor-version":[{"id":4407,"href":"https:\/\/agora.xtec.cat\/ceipgranullarius\/wp-json\/wp\/v2\/posts\/4405\/revisions\/4407"}],"wp:attachment":[{"href":"https:\/\/agora.xtec.cat\/ceipgranullarius\/wp-json\/wp\/v2\/media?parent=4405"}],"wp:term":[{"taxonomy":"category","embeddable":true,"href":"https:\/\/agora.xtec.cat\/ceipgranullarius\/wp-json\/wp\/v2\/categories?post=4405"},{"taxonomy":"post_tag","embeddable":true,"href":"https:\/\/agora.xtec.cat\/ceipgranullarius\/wp-json\/wp\/v2\/tags?post=4405"}],"curies":[{"name":"wp","href":"https:\/\/api.w.org\/{rel}","templated":true}]}}