{"id":4402,"date":"2024-11-18T15:28:40","date_gmt":"2024-11-18T14:28:40","guid":{"rendered":"https:\/\/agora.xtec.cat\/ceipgranullarius\/?p=4402"},"modified":"2024-11-18T15:28:40","modified_gmt":"2024-11-18T14:28:40","slug":"6e-obres-de-teatre-de-la-castanyada","status":"publish","type":"post","link":"https:\/\/agora.xtec.cat\/ceipgranullarius\/general\/6e-obres-de-teatre-de-la-castanyada\/","title":{"rendered":"6\u00e8 &#8211; Obres de teatre de la Castanyada"},"content":{"rendered":"<p align=\"justify\"><img loading=\"lazy\" decoding=\"async\" class=\"aligncenter size-large wp-image-4403\" src=\"https:\/\/agora.xtec.cat\/ceipgranullarius\/wp-content\/uploads\/usu769\/2024\/11\/IMG_2229-1024x768.jpg\" alt=\"\" width=\"1024\" height=\"768\" srcset=\"https:\/\/agora.xtec.cat\/ceipgranullarius\/wp-content\/uploads\/usu769\/2024\/11\/IMG_2229-1024x768.jpg 1024w, https:\/\/agora.xtec.cat\/ceipgranullarius\/wp-content\/uploads\/usu769\/2024\/11\/IMG_2229-300x225.jpg 300w, https:\/\/agora.xtec.cat\/ceipgranullarius\/wp-content\/uploads\/usu769\/2024\/11\/IMG_2229-768x576.jpg 768w, https:\/\/agora.xtec.cat\/ceipgranullarius\/wp-content\/uploads\/usu769\/2024\/11\/IMG_2229-1536x1152.jpg 1536w, https:\/\/agora.xtec.cat\/ceipgranullarius\/wp-content\/uploads\/usu769\/2024\/11\/IMG_2229-2048x1536.jpg 2048w, https:\/\/agora.xtec.cat\/ceipgranullarius\/wp-content\/uploads\/usu769\/2024\/11\/IMG_2229-200x150.jpg 200w\" sizes=\"auto, (max-width: 1024px) 100vw, 1024px\" \/><\/p>\n<p align=\"justify\"><span style=\"font-size: medium;\">Per celebrar la Castanyada, els nens i nenes de 6\u00e8 van representar diferents contes amb la tem\u00e0tica de la Castanyada per a l\u2019alumnat d&#8217;I3 fins a 2n. Ha estat una activitat molt enriquidora per millorar habilitats com ara parlar i expressar-se en p\u00fablic. A m\u00e9s, el p\u00fablic va gaudir molt de les can\u00e7ons que sortien a l\u2019obra i els van ajudar a cantar i ballar. Va ser fant\u00e0stic!<\/span><\/p>\n<p><a href=\"https:\/\/photos.app.goo.gl\/wtasfEihFWP95x3TA\">Fotos<\/a><\/p>\n","protected":false},"excerpt":{"rendered":"<p>Per celebrar la Castanyada, els nens i nenes de 6\u00e8 van representar diferents contes amb la tem\u00e0tica de la Castanyada per a l\u2019alumnat d&#8217;I3 fins a 2n. Ha estat una activitat molt enriquidora per millorar habilitats com ara parlar i expressar-se en p\u00fablic. A m\u00e9s,&hellip;  <a href=\"https:\/\/agora.xtec.cat\/ceipgranullarius\/general\/6e-obres-de-teatre-de-la-castanyada\/\" title=\"Read 6\u00e8 &#8211; Obres de teatre de la Castanyada\">Llegeix m\u00e9s\u00bb<\/a><\/p>\n","protected":false},"author":1,"featured_media":0,"comment_status":"open","ping_status":"closed","sticky":false,"template":"","format":"standard","meta":{"_bbp_topic_count":0,"_bbp_reply_count":0,"_bbp_total_topic_count":0,"_bbp_total_reply_count":0,"_bbp_voice_count":0,"_bbp_anonymous_reply_count":0,"_bbp_topic_count_hidden":0,"_bbp_reply_count_hidden":0,"_bbp_forum_subforum_count":0,"footnotes":""},"categories":[15,50,63,51,1,4],"tags":[],"class_list":["post-4402","post","type-post","status-publish","format-standard","hentry","category-6e","category-cicle-superior","category-educacio-primaria","category-escola","category-general","category-portada"],"post_mailing_queue_ids":[],"_links":{"self":[{"href":"https:\/\/agora.xtec.cat\/ceipgranullarius\/wp-json\/wp\/v2\/posts\/4402","targetHints":{"allow":["GET"]}}],"collection":[{"href":"https:\/\/agora.xtec.cat\/ceipgranullarius\/wp-json\/wp\/v2\/posts"}],"about":[{"href":"https:\/\/agora.xtec.cat\/ceipgranullarius\/wp-json\/wp\/v2\/types\/post"}],"author":[{"embeddable":true,"href":"https:\/\/agora.xtec.cat\/ceipgranullarius\/wp-json\/wp\/v2\/users\/1"}],"replies":[{"embeddable":true,"href":"https:\/\/agora.xtec.cat\/ceipgranullarius\/wp-json\/wp\/v2\/comments?post=4402"}],"version-history":[{"count":1,"href":"https:\/\/agora.xtec.cat\/ceipgranullarius\/wp-json\/wp\/v2\/posts\/4402\/revisions"}],"predecessor-version":[{"id":4404,"href":"https:\/\/agora.xtec.cat\/ceipgranullarius\/wp-json\/wp\/v2\/posts\/4402\/revisions\/4404"}],"wp:attachment":[{"href":"https:\/\/agora.xtec.cat\/ceipgranullarius\/wp-json\/wp\/v2\/media?parent=4402"}],"wp:term":[{"taxonomy":"category","embeddable":true,"href":"https:\/\/agora.xtec.cat\/ceipgranullarius\/wp-json\/wp\/v2\/categories?post=4402"},{"taxonomy":"post_tag","embeddable":true,"href":"https:\/\/agora.xtec.cat\/ceipgranullarius\/wp-json\/wp\/v2\/tags?post=4402"}],"curies":[{"name":"wp","href":"https:\/\/api.w.org\/{rel}","templated":true}]}}