{"id":4387,"date":"2024-11-06T10:26:19","date_gmt":"2024-11-06T09:26:19","guid":{"rendered":"https:\/\/agora.xtec.cat\/ceipgranullarius\/?p=4387"},"modified":"2024-11-06T10:26:19","modified_gmt":"2024-11-06T09:26:19","slug":"4t-sortida-a-catalunya-en-miniatura-2","status":"publish","type":"post","link":"https:\/\/agora.xtec.cat\/ceipgranullarius\/general\/4t-sortida-a-catalunya-en-miniatura-2\/","title":{"rendered":"4t &#8211; Sortida a Catalunya en miniatura"},"content":{"rendered":"<p><a href=\"https:\/\/photos.app.goo.gl\/JzE7goXZhdpDs1hPA\"><img loading=\"lazy\" decoding=\"async\" class=\"aligncenter size-large wp-image-4388\" src=\"https:\/\/agora.xtec.cat\/ceipgranullarius\/wp-content\/uploads\/usu769\/2024\/11\/5-1024x462.jpg\" alt=\"\" width=\"1024\" height=\"462\" srcset=\"https:\/\/agora.xtec.cat\/ceipgranullarius\/wp-content\/uploads\/usu769\/2024\/11\/5-1024x462.jpg 1024w, https:\/\/agora.xtec.cat\/ceipgranullarius\/wp-content\/uploads\/usu769\/2024\/11\/5-300x135.jpg 300w, https:\/\/agora.xtec.cat\/ceipgranullarius\/wp-content\/uploads\/usu769\/2024\/11\/5-768x346.jpg 768w, https:\/\/agora.xtec.cat\/ceipgranullarius\/wp-content\/uploads\/usu769\/2024\/11\/5-1536x692.jpg 1536w, https:\/\/agora.xtec.cat\/ceipgranullarius\/wp-content\/uploads\/usu769\/2024\/11\/5-2048x923.jpg 2048w\" sizes=\"auto, (max-width: 1024px) 100vw, 1024px\" \/><\/a><\/p>\n<p align=\"left\"><span style=\"color: #444444;\"><span style=\"font-size: medium;\">Aquest primer trimestre, estem fent a quart un projecte anomenat \u201cConeixem Catalunya?\u201d. Els alumnes i les alumnes estan molt motivats\/des, ja que a base d\u2019anar investigant per equips amb tablets, mapes i atles estem convertint-nos en uns aut\u00e8ntics experts de la tem\u00e0tica. Per complementar tot el que anem fent a classe, vam fer una sortida a Catalunya en miniatura, a on vam poder veure molts edificis importants de Catalunya i la comarca a on estan ubicats. A m\u00e9s a m\u00e9s, vam aprofitar per fer el bosc vertical. Qu\u00e8 b\u00e9 ens ho vam passar!<\/span><\/span><\/p>\n<p align=\"left\">Cliqueu a la imatge per veure m\u00e9s fotos!<\/p>\n","protected":false},"excerpt":{"rendered":"<p><a href=\"https:\/\/photos.app.goo.gl\/JzE7goXZhdpDs1hPA\"><\/a><br \/>\nAquest primer trimestre, estem fent a quart un projecte anomenat \u201cConeixem Catalunya?\u201d. Els alumnes i les alumnes estan molt motivats\/des, ja que a base d\u2019anar investigant per equips amb tablets, mapes i atles estem convertint-nos en uns aut\u00e8ntics experts de la tem\u00e0tica. Per complementar&hellip;  <a href=\"https:\/\/agora.xtec.cat\/ceipgranullarius\/general\/4t-sortida-a-catalunya-en-miniatura-2\/\" title=\"Read 4t &#8211; Sortida a Catalunya en miniatura\">Llegeix m\u00e9s\u00bb<\/a><\/p>\n","protected":false},"author":1,"featured_media":0,"comment_status":"open","ping_status":"closed","sticky":false,"template":"","format":"standard","meta":{"_bbp_topic_count":0,"_bbp_reply_count":0,"_bbp_total_topic_count":0,"_bbp_total_reply_count":0,"_bbp_voice_count":0,"_bbp_anonymous_reply_count":0,"_bbp_topic_count_hidden":0,"_bbp_reply_count_hidden":0,"_bbp_forum_subforum_count":0,"footnotes":""},"categories":[13,49,63,51,1,4],"tags":[],"class_list":["post-4387","post","type-post","status-publish","format-standard","hentry","category-4t","category-cicle-mitja","category-educacio-primaria","category-escola","category-general","category-portada"],"post_mailing_queue_ids":[],"_links":{"self":[{"href":"https:\/\/agora.xtec.cat\/ceipgranullarius\/wp-json\/wp\/v2\/posts\/4387","targetHints":{"allow":["GET"]}}],"collection":[{"href":"https:\/\/agora.xtec.cat\/ceipgranullarius\/wp-json\/wp\/v2\/posts"}],"about":[{"href":"https:\/\/agora.xtec.cat\/ceipgranullarius\/wp-json\/wp\/v2\/types\/post"}],"author":[{"embeddable":true,"href":"https:\/\/agora.xtec.cat\/ceipgranullarius\/wp-json\/wp\/v2\/users\/1"}],"replies":[{"embeddable":true,"href":"https:\/\/agora.xtec.cat\/ceipgranullarius\/wp-json\/wp\/v2\/comments?post=4387"}],"version-history":[{"count":1,"href":"https:\/\/agora.xtec.cat\/ceipgranullarius\/wp-json\/wp\/v2\/posts\/4387\/revisions"}],"predecessor-version":[{"id":4389,"href":"https:\/\/agora.xtec.cat\/ceipgranullarius\/wp-json\/wp\/v2\/posts\/4387\/revisions\/4389"}],"wp:attachment":[{"href":"https:\/\/agora.xtec.cat\/ceipgranullarius\/wp-json\/wp\/v2\/media?parent=4387"}],"wp:term":[{"taxonomy":"category","embeddable":true,"href":"https:\/\/agora.xtec.cat\/ceipgranullarius\/wp-json\/wp\/v2\/categories?post=4387"},{"taxonomy":"post_tag","embeddable":true,"href":"https:\/\/agora.xtec.cat\/ceipgranullarius\/wp-json\/wp\/v2\/tags?post=4387"}],"curies":[{"name":"wp","href":"https:\/\/api.w.org\/{rel}","templated":true}]}}