{"id":4384,"date":"2024-10-25T15:45:33","date_gmt":"2024-10-25T13:45:33","guid":{"rendered":"https:\/\/agora.xtec.cat\/ceipgranullarius\/?p=4384"},"modified":"2024-10-25T15:45:33","modified_gmt":"2024-10-25T13:45:33","slug":"primera-celebracio-del-50e-aniversari-21-doctubre","status":"publish","type":"post","link":"https:\/\/agora.xtec.cat\/ceipgranullarius\/general\/primera-celebracio-del-50e-aniversari-21-doctubre\/","title":{"rendered":"Primera celebraci\u00f3 del 50\u00e8 aniversari: 21 d&#8217;octubre"},"content":{"rendered":"<p><img loading=\"lazy\" decoding=\"async\" class=\"aligncenter size-large wp-image-4385\" src=\"https:\/\/agora.xtec.cat\/ceipgranullarius\/wp-content\/uploads\/usu769\/2024\/10\/1729507534928-768x1024.jpg\" alt=\"\" width=\"768\" height=\"1024\" srcset=\"https:\/\/agora.xtec.cat\/ceipgranullarius\/wp-content\/uploads\/usu769\/2024\/10\/1729507534928-768x1024.jpg 768w, https:\/\/agora.xtec.cat\/ceipgranullarius\/wp-content\/uploads\/usu769\/2024\/10\/1729507534928-225x300.jpg 225w, https:\/\/agora.xtec.cat\/ceipgranullarius\/wp-content\/uploads\/usu769\/2024\/10\/1729507534928-1152x1536.jpg 1152w, https:\/\/agora.xtec.cat\/ceipgranullarius\/wp-content\/uploads\/usu769\/2024\/10\/1729507534928-1536x2048.jpg 1536w, https:\/\/agora.xtec.cat\/ceipgranullarius\/wp-content\/uploads\/usu769\/2024\/10\/1729507534928-scaled.jpg 1920w\" sizes=\"auto, (max-width: 768px) 100vw, 768px\" \/><\/p>\n<p>El passat dilluns vam celebrar que fa 50 anys, el 21 d&#8217;octubre de 1974, l&#8217;Escola Granullarius obria les portes per primera vegada.<\/p>\n<p>Vam poder escoltar de primera m\u00e0 a l&#8217;Anna Aguayo i la Temi Dur\u00e1n, dues de les primeres mestres que van comen\u00e7ar el projecte d&#8217;escola catalana plenes d&#8217;il\u00b7lusi\u00f3 i molt\u00edssimes idees.<\/p>\n<p>Tamb\u00e9 vam poder compartir amb la Susanna Ramonet els seus primers records de l&#8217;escola, ja que ella va viure aquell primer dia perqu\u00e8 comen\u00e7ava el que ara diem I5.<\/p>\n<p>Aquests testimonis, les paraules del Merc\u00e8 Ruiz, la nostra directora, i el moment de l&#8217;enlairament de 5 globus amb la participaci\u00f3 de les dues delegades de 6\u00e8, l&#8217;Abril i la Luc\u00eda, la Berta com a representant de l&#8217;escola al Consell dels Infants i l&#8217;\u00c0lex i en Biel, els dos m\u00e9s petits de l&#8217;escola, van fer l&#8217;acte encara m\u00e9s emocionant.<\/p>\n<p>Feli\u00e7os 50 anys, Granullarius!\ud83c\udf82\ud83c\udf88<\/p>\n<p>Prepareu-vos per la festa grossa, ja us podeu reservar el 15 de mar\u00e7! M\u00e9s endavant us informarem de tot.<\/p>\n<p><a class=\"x1i10hfl xjbqb8w x1ejq31n xd10rxx x1sy0etr x17r0tee x972fbf xcfux6l x1qhh985 xm0m39n x9f619 x1ypdohk xt0psk2 xe8uvvx xdj266r x11i5rnm xat24cr x1mh8g0r xexx8yu x4uap5 x18d9i69 xkhd6sd x16tdsg8 x1hl2dhg xggy1nq x1a2a7pz  _aa9_ _a6hd\" tabindex=\"0\" role=\"link\" href=\"https:\/\/www.instagram.com\/explore\/tags\/50anyscompartintemocions\/\">#50anyscompartintemocions<\/a><\/p>\n<p><a href=\"https:\/\/photos.app.goo.gl\/WTEduA9khHTrXpVZ8\">Fotos<\/a><\/p>\n","protected":false},"excerpt":{"rendered":"<p>El passat dilluns vam celebrar que fa 50 anys, el 21 d&#8217;octubre de 1974, l&#8217;Escola Granullarius obria les portes per primera vegada.<br \/>\nVam poder escoltar de primera m\u00e0 a l&#8217;Anna Aguayo i la Temi Dur\u00e1n, dues de les primeres mestres que van comen\u00e7ar el projecte d&#8217;escola&hellip;  <a href=\"https:\/\/agora.xtec.cat\/ceipgranullarius\/general\/primera-celebracio-del-50e-aniversari-21-doctubre\/\" title=\"Read Primera celebraci\u00f3 del 50\u00e8 aniversari: 21 d&#8217;octubre\">Llegeix m\u00e9s\u00bb<\/a><\/p>\n","protected":false},"author":1,"featured_media":0,"comment_status":"open","ping_status":"closed","sticky":false,"template":"","format":"standard","meta":{"_bbp_topic_count":0,"_bbp_reply_count":0,"_bbp_total_topic_count":0,"_bbp_total_reply_count":0,"_bbp_voice_count":0,"_bbp_anonymous_reply_count":0,"_bbp_topic_count_hidden":0,"_bbp_reply_count_hidden":0,"_bbp_forum_subforum_count":0,"footnotes":""},"categories":[62,49,50,2,63,51,1,4],"tags":[],"class_list":["post-4384","post","type-post","status-publish","format-standard","hentry","category-cicle-inicial","category-cicle-mitja","category-cicle-superior","category-educacio-infantil","category-educacio-primaria","category-escola","category-general","category-portada"],"post_mailing_queue_ids":[],"_links":{"self":[{"href":"https:\/\/agora.xtec.cat\/ceipgranullarius\/wp-json\/wp\/v2\/posts\/4384","targetHints":{"allow":["GET"]}}],"collection":[{"href":"https:\/\/agora.xtec.cat\/ceipgranullarius\/wp-json\/wp\/v2\/posts"}],"about":[{"href":"https:\/\/agora.xtec.cat\/ceipgranullarius\/wp-json\/wp\/v2\/types\/post"}],"author":[{"embeddable":true,"href":"https:\/\/agora.xtec.cat\/ceipgranullarius\/wp-json\/wp\/v2\/users\/1"}],"replies":[{"embeddable":true,"href":"https:\/\/agora.xtec.cat\/ceipgranullarius\/wp-json\/wp\/v2\/comments?post=4384"}],"version-history":[{"count":1,"href":"https:\/\/agora.xtec.cat\/ceipgranullarius\/wp-json\/wp\/v2\/posts\/4384\/revisions"}],"predecessor-version":[{"id":4386,"href":"https:\/\/agora.xtec.cat\/ceipgranullarius\/wp-json\/wp\/v2\/posts\/4384\/revisions\/4386"}],"wp:attachment":[{"href":"https:\/\/agora.xtec.cat\/ceipgranullarius\/wp-json\/wp\/v2\/media?parent=4384"}],"wp:term":[{"taxonomy":"category","embeddable":true,"href":"https:\/\/agora.xtec.cat\/ceipgranullarius\/wp-json\/wp\/v2\/categories?post=4384"},{"taxonomy":"post_tag","embeddable":true,"href":"https:\/\/agora.xtec.cat\/ceipgranullarius\/wp-json\/wp\/v2\/tags?post=4384"}],"curies":[{"name":"wp","href":"https:\/\/api.w.org\/{rel}","templated":true}]}}