{"id":4373,"date":"2024-10-25T10:21:14","date_gmt":"2024-10-25T08:21:14","guid":{"rendered":"https:\/\/agora.xtec.cat\/ceipgranullarius\/?p=4373"},"modified":"2024-10-25T15:46:14","modified_gmt":"2024-10-25T13:46:14","slug":"entrem-a-formar-part-de-lerasmus-alasvo","status":"publish","type":"post","link":"https:\/\/agora.xtec.cat\/ceipgranullarius\/general\/entrem-a-formar-part-de-lerasmus-alasvo\/","title":{"rendered":"Entrem a formar part de l&#8217;Erasmus+ ALASVO"},"content":{"rendered":"<p><img loading=\"lazy\" decoding=\"async\" class=\"aligncenter wp-image-4378\" src=\"https:\/\/agora.xtec.cat\/ceipgranullarius\/wp-content\/uploads\/usu769\/2024\/10\/imatge-instagram-1-1024x1024.jpg\" alt=\"\" width=\"600\" height=\"600\" srcset=\"https:\/\/agora.xtec.cat\/ceipgranullarius\/wp-content\/uploads\/usu769\/2024\/10\/imatge-instagram-1-1024x1024.jpg 1024w, https:\/\/agora.xtec.cat\/ceipgranullarius\/wp-content\/uploads\/usu769\/2024\/10\/imatge-instagram-1-300x300.jpg 300w, https:\/\/agora.xtec.cat\/ceipgranullarius\/wp-content\/uploads\/usu769\/2024\/10\/imatge-instagram-1-150x150.jpg 150w, https:\/\/agora.xtec.cat\/ceipgranullarius\/wp-content\/uploads\/usu769\/2024\/10\/imatge-instagram-1-768x768.jpg 768w, https:\/\/agora.xtec.cat\/ceipgranullarius\/wp-content\/uploads\/usu769\/2024\/10\/imatge-instagram-1.jpg 1080w\" sizes=\"auto, (max-width: 600px) 100vw, 600px\" \/><\/p>\n<p><b>Qu\u00e8 \u00e9s el Projecte Erasmus+?<\/b><\/p>\n<p><span style=\"font-weight: 400;\">El projecte Erasmus+ \u00e9s una iniciativa de la Uni<\/span><span style=\"font-weight: 400;\">\u00f3 Europea que promou la mobilitat educativa i la cooperaci\u00f3 internacional entre institucions educatives de tot Europa. L\u2019objectiu principal \u00e9s millorar la qualitat de l\u2019educaci\u00f3, fomentar la comprensi\u00f3 cultural i oferir als infants i als docents noves oportunitats d\u2019aprenentatge. El programa inclou estades en altres pa\u00efsos, intercanvis escolars, pr\u00e0ctiques laborals i projectes col\u00b7laboratius per millorar les compet\u00e8ncies i habilitats dels i les participants.<\/span><\/p>\n<p><b>La nostra adhesi\u00f3 al programa Erasmus+<\/b><\/p>\n<p><span style=\"font-weight: 400;\">A la nostra escola, estem molt emocionats d\u2019haver-nos adherit al projecte Erasmus+ ALASVO (Active Leaders for Active Students in the Vall\u00e8s Oriental). Aquesta aventura la comencem juntament amb el Servei Educatiu del Vall\u00e8s Oriental I i 5 escoles m\u00e9s: l&#8217;Escola Tur\u00f3 de Can Gili i l&#8217;Escola Salvador Espriu, l&#8217;Escola Pilar Mestres i l&#8217;Escola Santa Agn\u00e8s de Malanyanes de la Roca del Vall\u00e8s i l&#8217;Escola Jacint Verdaguer de Canovelles.<\/span><\/p>\n<p><span style=\"font-weight: 400;\">Aquesta iniciativa ens permetr\u00e0 oferir als nostres <\/span><span style=\"font-weight: 400;\">infants i docents una experi\u00e8ncia educativa enriquidora, tant en l\u2019\u00e0mbit acad\u00e8mic com personal. A trav\u00e9s de la participaci\u00f3 en activitats i intercan<\/span><span style=\"font-weight: 400;\">vis internacionals, els i les\u00a0 estudiants podran aprendre en un entorn multicultural, desenvolupar les seves habilitats ling\u00fc\u00edstiques, i adquirir una perspectiva global sobre diferents \u00e0mbits del coneixement.<\/span><\/p>\n<p><span style=\"font-weight: 400;\">L\u2019adhesi\u00f3 al projecte Erasmus+ tamb\u00e9 suposa una oportunitat per als nostres docents, ja que podran compartir i aprendre noves pr\u00e0ctiques pedag\u00f2giques, establir vincles amb altres institucions educatives i fomentar la innovaci\u00f3 a les aules. Amb el suport del programa, la nostra escola vol contribuir a la construcci\u00f3 d\u2019una Europa m\u00e9s inclusiva, tolerant i oberta a la diversitat.<\/span><\/p>\n<p>Per a m\u00e9s informaci\u00f3, podeu visitar el <a href=\"https:\/\/sites.google.com\/xtec.cat\/granullariusalasvo\/inici\">Google Si<\/a><a href=\"https:\/\/sites.google.com\/xtec.cat\/granullariusalasvo\/inici\">tes<\/a> fent clic a la barra dreta de la p\u00e0gina principal de la nostra web. All\u00e0 anirem publicant totes les not\u00edcies relacionades amb el Projecte Erasmus. No us ho perdeu!<\/p>\n","protected":false},"excerpt":{"rendered":"<p>Qu\u00e8 \u00e9s el Projecte Erasmus+?<br \/>\nEl projecte Erasmus+ \u00e9s una iniciativa de la Uni\u00f3 Europea que promou la mobilitat educativa i la cooperaci\u00f3 internacional entre institucions educatives de tot Europa. L\u2019objectiu principal \u00e9s millorar la qualitat de l\u2019educaci\u00f3, fomentar la comprensi\u00f3 cultural i oferir als infants&hellip;  <a href=\"https:\/\/agora.xtec.cat\/ceipgranullarius\/general\/entrem-a-formar-part-de-lerasmus-alasvo\/\" title=\"Read Entrem a formar part de l&#8217;Erasmus+ ALASVO\">Llegeix m\u00e9s\u00bb<\/a><\/p>\n","protected":false},"author":1,"featured_media":0,"comment_status":"open","ping_status":"closed","sticky":false,"template":"","format":"standard","meta":{"_bbp_topic_count":0,"_bbp_reply_count":0,"_bbp_total_topic_count":0,"_bbp_total_reply_count":0,"_bbp_voice_count":0,"_bbp_anonymous_reply_count":0,"_bbp_topic_count_hidden":0,"_bbp_reply_count_hidden":0,"_bbp_forum_subforum_count":0,"footnotes":""},"categories":[2,63,66,51,1,46,65,4,53],"tags":[],"class_list":["post-4373","post","type-post","status-publish","format-standard","hentry","category-educacio-infantil","category-educacio-primaria","category-erasmus","category-escola","category-general","category-som-escola-gep","category-internacionalitzacio-del-centre","category-portada","category-projectes"],"post_mailing_queue_ids":[],"_links":{"self":[{"href":"https:\/\/agora.xtec.cat\/ceipgranullarius\/wp-json\/wp\/v2\/posts\/4373","targetHints":{"allow":["GET"]}}],"collection":[{"href":"https:\/\/agora.xtec.cat\/ceipgranullarius\/wp-json\/wp\/v2\/posts"}],"about":[{"href":"https:\/\/agora.xtec.cat\/ceipgranullarius\/wp-json\/wp\/v2\/types\/post"}],"author":[{"embeddable":true,"href":"https:\/\/agora.xtec.cat\/ceipgranullarius\/wp-json\/wp\/v2\/users\/1"}],"replies":[{"embeddable":true,"href":"https:\/\/agora.xtec.cat\/ceipgranullarius\/wp-json\/wp\/v2\/comments?post=4373"}],"version-history":[{"count":7,"href":"https:\/\/agora.xtec.cat\/ceipgranullarius\/wp-json\/wp\/v2\/posts\/4373\/revisions"}],"predecessor-version":[{"id":4383,"href":"https:\/\/agora.xtec.cat\/ceipgranullarius\/wp-json\/wp\/v2\/posts\/4373\/revisions\/4383"}],"wp:attachment":[{"href":"https:\/\/agora.xtec.cat\/ceipgranullarius\/wp-json\/wp\/v2\/media?parent=4373"}],"wp:term":[{"taxonomy":"category","embeddable":true,"href":"https:\/\/agora.xtec.cat\/ceipgranullarius\/wp-json\/wp\/v2\/categories?post=4373"},{"taxonomy":"post_tag","embeddable":true,"href":"https:\/\/agora.xtec.cat\/ceipgranullarius\/wp-json\/wp\/v2\/tags?post=4373"}],"curies":[{"name":"wp","href":"https:\/\/api.w.org\/{rel}","templated":true}]}}