{"id":4340,"date":"2024-10-03T13:10:54","date_gmt":"2024-10-03T11:10:54","guid":{"rendered":"https:\/\/agora.xtec.cat\/ceipgranullarius\/?p=4340"},"modified":"2024-10-03T13:10:54","modified_gmt":"2024-10-03T11:10:54","slug":"delegades-i-delegats-24-25","status":"publish","type":"post","link":"https:\/\/agora.xtec.cat\/ceipgranullarius\/general\/delegades-i-delegats-24-25\/","title":{"rendered":"Delegades i delegats 24-25"},"content":{"rendered":"<p><img loading=\"lazy\" decoding=\"async\" class=\"aligncenter size-large wp-image-4341\" src=\"https:\/\/agora.xtec.cat\/ceipgranullarius\/wp-content\/uploads\/usu769\/2024\/10\/1727789380208-1-1024x768.jpg\" alt=\"\" width=\"1024\" height=\"768\" srcset=\"https:\/\/agora.xtec.cat\/ceipgranullarius\/wp-content\/uploads\/usu769\/2024\/10\/1727789380208-1-1024x768.jpg 1024w, https:\/\/agora.xtec.cat\/ceipgranullarius\/wp-content\/uploads\/usu769\/2024\/10\/1727789380208-1-300x225.jpg 300w, https:\/\/agora.xtec.cat\/ceipgranullarius\/wp-content\/uploads\/usu769\/2024\/10\/1727789380208-1-768x576.jpg 768w, https:\/\/agora.xtec.cat\/ceipgranullarius\/wp-content\/uploads\/usu769\/2024\/10\/1727789380208-1-1536x1152.jpg 1536w, https:\/\/agora.xtec.cat\/ceipgranullarius\/wp-content\/uploads\/usu769\/2024\/10\/1727789380208-1-2048x1536.jpg 2048w, https:\/\/agora.xtec.cat\/ceipgranullarius\/wp-content\/uploads\/usu769\/2024\/10\/1727789380208-1-200x150.jpg 200w\" sizes=\"auto, (max-width: 1024px) 100vw, 1024px\" \/><\/p>\n<p>Les delegades i delegats per aquest nou curs van fer la primera trobada el passat dimarts, per con\u00e8ixer-se i con\u00e8ixer les primeres informacions que han de transmetre.<\/p>\n<p>Segur que aquest curs farem moltes coses!<\/p>\n<p>1rA &#8211; Berta Oliver i Leo Mart\u00edn \/ 1rB &#8211; Selva Ridao i Pablo Mesas<\/p>\n<p>2nA &#8211; O.V. i Martina Lamas \/ 2nB &#8211; Laia Gast\u00f3n i Aina Galera<\/p>\n<p>3rA &#8211; Abrar Maamoun i Daniel Oliva \/ 3rB &#8211; Angelina Ogar i Enzo Rodr\u00edguez<\/p>\n<p>4tA &#8211; Noa Llonch i Alejandro Gonz\u00e1lez \/ 4tB &#8211; Biel Bou i Naiara P\u00e9rez<\/p>\n<p>5\u00e8A &#8211; \u00c0lex Escobar i Aina Lamas \/ 5\u00e8B &#8211; Kilian Silvestre i Marianna Belando<\/p>\n<p>6\u00e8A &#8211; Luc\u00eda N\u00fa\u00f1ez i Marc Galera \/ 6\u00e8B &#8211; Abril Bernab\u00e9 i Marc V\u00e1zquez<\/p>\n<p>Moltes gr\u00e0cies a tots i a totes per la vostra implicaci\u00f3!<\/p>\n","protected":false},"excerpt":{"rendered":"<p>Les delegades i delegats per aquest nou curs van fer la primera trobada el passat dimarts, per con\u00e8ixer-se i con\u00e8ixer les primeres informacions que han de transmetre.<br \/>\nSegur que aquest curs farem moltes coses!<br \/>\n1rA &#8211; Berta Oliver i Leo Mart\u00edn \/ 1rB &#8211; Selva Ridao i&hellip;  <a href=\"https:\/\/agora.xtec.cat\/ceipgranullarius\/general\/delegades-i-delegats-24-25\/\" title=\"Read Delegades i delegats 24-25\">Llegeix m\u00e9s\u00bb<\/a><\/p>\n","protected":false},"author":1,"featured_media":0,"comment_status":"open","ping_status":"closed","sticky":false,"template":"","format":"standard","meta":{"_bbp_topic_count":0,"_bbp_reply_count":0,"_bbp_total_topic_count":0,"_bbp_total_reply_count":0,"_bbp_voice_count":0,"_bbp_anonymous_reply_count":0,"_bbp_topic_count_hidden":0,"_bbp_reply_count_hidden":0,"_bbp_forum_subforum_count":0,"footnotes":""},"categories":[62,49,50,63,51,1,4],"tags":[],"class_list":["post-4340","post","type-post","status-publish","format-standard","hentry","category-cicle-inicial","category-cicle-mitja","category-cicle-superior","category-educacio-primaria","category-escola","category-general","category-portada"],"post_mailing_queue_ids":[],"_links":{"self":[{"href":"https:\/\/agora.xtec.cat\/ceipgranullarius\/wp-json\/wp\/v2\/posts\/4340","targetHints":{"allow":["GET"]}}],"collection":[{"href":"https:\/\/agora.xtec.cat\/ceipgranullarius\/wp-json\/wp\/v2\/posts"}],"about":[{"href":"https:\/\/agora.xtec.cat\/ceipgranullarius\/wp-json\/wp\/v2\/types\/post"}],"author":[{"embeddable":true,"href":"https:\/\/agora.xtec.cat\/ceipgranullarius\/wp-json\/wp\/v2\/users\/1"}],"replies":[{"embeddable":true,"href":"https:\/\/agora.xtec.cat\/ceipgranullarius\/wp-json\/wp\/v2\/comments?post=4340"}],"version-history":[{"count":1,"href":"https:\/\/agora.xtec.cat\/ceipgranullarius\/wp-json\/wp\/v2\/posts\/4340\/revisions"}],"predecessor-version":[{"id":4342,"href":"https:\/\/agora.xtec.cat\/ceipgranullarius\/wp-json\/wp\/v2\/posts\/4340\/revisions\/4342"}],"wp:attachment":[{"href":"https:\/\/agora.xtec.cat\/ceipgranullarius\/wp-json\/wp\/v2\/media?parent=4340"}],"wp:term":[{"taxonomy":"category","embeddable":true,"href":"https:\/\/agora.xtec.cat\/ceipgranullarius\/wp-json\/wp\/v2\/categories?post=4340"},{"taxonomy":"post_tag","embeddable":true,"href":"https:\/\/agora.xtec.cat\/ceipgranullarius\/wp-json\/wp\/v2\/tags?post=4340"}],"curies":[{"name":"wp","href":"https:\/\/api.w.org\/{rel}","templated":true}]}}