{"id":4303,"date":"2024-06-20T13:08:22","date_gmt":"2024-06-20T11:08:22","guid":{"rendered":"https:\/\/agora.xtec.cat\/ceipgranullarius\/?p=4303"},"modified":"2024-06-20T13:08:22","modified_gmt":"2024-06-20T11:08:22","slug":"1r-sortida-a-montserrat","status":"publish","type":"post","link":"https:\/\/agora.xtec.cat\/ceipgranullarius\/general\/1r-sortida-a-montserrat\/","title":{"rendered":"1r &#8211; Sortida a Montserrat"},"content":{"rendered":"<p><img loading=\"lazy\" decoding=\"async\" class=\"aligncenter size-large wp-image-4304\" src=\"https:\/\/agora.xtec.cat\/ceipgranullarius\/wp-content\/uploads\/usu769\/2024\/06\/0-Portada-1-1024x680.jpg\" alt=\"\" width=\"1024\" height=\"680\" srcset=\"https:\/\/agora.xtec.cat\/ceipgranullarius\/wp-content\/uploads\/usu769\/2024\/06\/0-Portada-1-1024x680.jpg 1024w, https:\/\/agora.xtec.cat\/ceipgranullarius\/wp-content\/uploads\/usu769\/2024\/06\/0-Portada-1-300x199.jpg 300w, https:\/\/agora.xtec.cat\/ceipgranullarius\/wp-content\/uploads\/usu769\/2024\/06\/0-Portada-1-768x510.jpg 768w, https:\/\/agora.xtec.cat\/ceipgranullarius\/wp-content\/uploads\/usu769\/2024\/06\/0-Portada-1-1536x1020.jpg 1536w, https:\/\/agora.xtec.cat\/ceipgranullarius\/wp-content\/uploads\/usu769\/2024\/06\/0-Portada-1-2048x1360.jpg 2048w\" sizes=\"auto, (max-width: 1024px) 100vw, 1024px\" \/><\/p>\n<p>El dilluns 27 de maig els nens i les nenes de la classe dels linxs i dels coales hem anat d\u2019excursi\u00f3 a Montserrat. Per arribar-hi hem agafat diferents mitjans de transport. Hem anat amb autocar fins a Monistrol de Montserrat, on hem agafat el tren cremallera que ens ha portat fins a Montserrat i all\u00e0, hem pujat a dalt de la muntanya amb el funicular. Despr\u00e9s hem baixat a peu, observant la flora i la fauna del paisatge. Finalment, hem entrat a la bas\u00edlica a escoltar l\u2019escolania.<\/p>\n<p>Ha estat un dia molt intens i de moltes emocions!!<\/p>\n<p><a href=\"https:\/\/photos.app.goo.gl\/Dj6q1FjcgiA1B4Gf7\">Fotos<\/a><\/p>\n","protected":false},"excerpt":{"rendered":"<p>El dilluns 27 de maig els nens i les nenes de la classe dels linxs i dels coales hem anat d\u2019excursi\u00f3 a Montserrat. Per arribar-hi hem agafat diferents mitjans de transport. Hem anat amb autocar fins a Monistrol de Montserrat, on hem agafat el tren&hellip;  <a href=\"https:\/\/agora.xtec.cat\/ceipgranullarius\/general\/1r-sortida-a-montserrat\/\" title=\"Read 1r &#8211; Sortida a Montserrat\">Llegeix m\u00e9s\u00bb<\/a><\/p>\n","protected":false},"author":1,"featured_media":0,"comment_status":"open","ping_status":"closed","sticky":false,"template":"","format":"standard","meta":{"_bbp_topic_count":0,"_bbp_reply_count":0,"_bbp_total_topic_count":0,"_bbp_total_reply_count":0,"_bbp_voice_count":0,"_bbp_anonymous_reply_count":0,"_bbp_topic_count_hidden":0,"_bbp_reply_count_hidden":0,"_bbp_forum_subforum_count":0,"footnotes":""},"categories":[10,62,63,51,1,4],"tags":[],"class_list":["post-4303","post","type-post","status-publish","format-standard","hentry","category-1r","category-cicle-inicial","category-educacio-primaria","category-escola","category-general","category-portada"],"post_mailing_queue_ids":[],"_links":{"self":[{"href":"https:\/\/agora.xtec.cat\/ceipgranullarius\/wp-json\/wp\/v2\/posts\/4303","targetHints":{"allow":["GET"]}}],"collection":[{"href":"https:\/\/agora.xtec.cat\/ceipgranullarius\/wp-json\/wp\/v2\/posts"}],"about":[{"href":"https:\/\/agora.xtec.cat\/ceipgranullarius\/wp-json\/wp\/v2\/types\/post"}],"author":[{"embeddable":true,"href":"https:\/\/agora.xtec.cat\/ceipgranullarius\/wp-json\/wp\/v2\/users\/1"}],"replies":[{"embeddable":true,"href":"https:\/\/agora.xtec.cat\/ceipgranullarius\/wp-json\/wp\/v2\/comments?post=4303"}],"version-history":[{"count":1,"href":"https:\/\/agora.xtec.cat\/ceipgranullarius\/wp-json\/wp\/v2\/posts\/4303\/revisions"}],"predecessor-version":[{"id":4305,"href":"https:\/\/agora.xtec.cat\/ceipgranullarius\/wp-json\/wp\/v2\/posts\/4303\/revisions\/4305"}],"wp:attachment":[{"href":"https:\/\/agora.xtec.cat\/ceipgranullarius\/wp-json\/wp\/v2\/media?parent=4303"}],"wp:term":[{"taxonomy":"category","embeddable":true,"href":"https:\/\/agora.xtec.cat\/ceipgranullarius\/wp-json\/wp\/v2\/categories?post=4303"},{"taxonomy":"post_tag","embeddable":true,"href":"https:\/\/agora.xtec.cat\/ceipgranullarius\/wp-json\/wp\/v2\/tags?post=4303"}],"curies":[{"name":"wp","href":"https:\/\/api.w.org\/{rel}","templated":true}]}}