{"id":4300,"date":"2024-06-20T12:55:18","date_gmt":"2024-06-20T10:55:18","guid":{"rendered":"https:\/\/agora.xtec.cat\/ceipgranullarius\/?p=4300"},"modified":"2024-06-20T12:55:18","modified_gmt":"2024-06-20T10:55:18","slug":"i5-sortida-a-la-fundacio-miro","status":"publish","type":"post","link":"https:\/\/agora.xtec.cat\/ceipgranullarius\/general\/i5-sortida-a-la-fundacio-miro\/","title":{"rendered":"I5 &#8211; Sortida a la Fundaci\u00f3 Mir\u00f3"},"content":{"rendered":"<p><img loading=\"lazy\" decoding=\"async\" class=\"aligncenter size-large wp-image-4301\" src=\"https:\/\/agora.xtec.cat\/ceipgranullarius\/wp-content\/uploads\/usu769\/2024\/06\/portada-1024x462.jpg\" alt=\"\" width=\"1024\" height=\"462\" srcset=\"https:\/\/agora.xtec.cat\/ceipgranullarius\/wp-content\/uploads\/usu769\/2024\/06\/portada-1024x462.jpg 1024w, https:\/\/agora.xtec.cat\/ceipgranullarius\/wp-content\/uploads\/usu769\/2024\/06\/portada-300x135.jpg 300w, https:\/\/agora.xtec.cat\/ceipgranullarius\/wp-content\/uploads\/usu769\/2024\/06\/portada-768x346.jpg 768w, https:\/\/agora.xtec.cat\/ceipgranullarius\/wp-content\/uploads\/usu769\/2024\/06\/portada-1536x693.jpg 1536w, https:\/\/agora.xtec.cat\/ceipgranullarius\/wp-content\/uploads\/usu769\/2024\/06\/portada-2048x924.jpg 2048w\" sizes=\"auto, (max-width: 1024px) 100vw, 1024px\" \/><\/p>\n<p>Les Papallones Monarca i les Lib\u00e8l\u00b7lules d\u2019I5 han conegut i treballat l\u2019obra de l\u2019artista Joan Mir\u00f3 durant tot el tercer trimestre.<\/p>\n<p>I van tenir l\u2019oportunitat d\u2019anar a la Fundaci\u00f3 Mir\u00f3 de Barcelona i veure les seves obres en viu. Ha estat molt interessant i han recordat i apr\u00e8s un munt de coses.<\/p>\n<p><a href=\"https:\/\/photos.app.goo.gl\/sjK6H1VbfjGKnE4v9\">Fotos<\/a><\/p>\n","protected":false},"excerpt":{"rendered":"<p>Les Papallones Monarca i les Lib\u00e8l\u00b7lules d\u2019I5 han conegut i treballat l\u2019obra de l\u2019artista Joan Mir\u00f3 durant tot el tercer trimestre.<br \/>\nI van tenir l\u2019oportunitat d\u2019anar a la Fundaci\u00f3 Mir\u00f3 de Barcelona i veure les seves obres en viu. Ha estat molt interessant i han recordat&hellip;  <a href=\"https:\/\/agora.xtec.cat\/ceipgranullarius\/general\/i5-sortida-a-la-fundacio-miro\/\" title=\"Read I5 &#8211; Sortida a la Fundaci\u00f3 Mir\u00f3\">Llegeix m\u00e9s\u00bb<\/a><\/p>\n","protected":false},"author":1,"featured_media":0,"comment_status":"open","ping_status":"closed","sticky":false,"template":"","format":"standard","meta":{"_bbp_topic_count":0,"_bbp_reply_count":0,"_bbp_total_topic_count":0,"_bbp_total_reply_count":0,"_bbp_voice_count":0,"_bbp_anonymous_reply_count":0,"_bbp_topic_count_hidden":0,"_bbp_reply_count_hidden":0,"_bbp_forum_subforum_count":0,"footnotes":""},"categories":[2,51,1,9,4,53],"tags":[],"class_list":["post-4300","post","type-post","status-publish","format-standard","hentry","category-educacio-infantil","category-escola","category-general","category-i5","category-portada","category-projectes"],"post_mailing_queue_ids":[],"_links":{"self":[{"href":"https:\/\/agora.xtec.cat\/ceipgranullarius\/wp-json\/wp\/v2\/posts\/4300","targetHints":{"allow":["GET"]}}],"collection":[{"href":"https:\/\/agora.xtec.cat\/ceipgranullarius\/wp-json\/wp\/v2\/posts"}],"about":[{"href":"https:\/\/agora.xtec.cat\/ceipgranullarius\/wp-json\/wp\/v2\/types\/post"}],"author":[{"embeddable":true,"href":"https:\/\/agora.xtec.cat\/ceipgranullarius\/wp-json\/wp\/v2\/users\/1"}],"replies":[{"embeddable":true,"href":"https:\/\/agora.xtec.cat\/ceipgranullarius\/wp-json\/wp\/v2\/comments?post=4300"}],"version-history":[{"count":1,"href":"https:\/\/agora.xtec.cat\/ceipgranullarius\/wp-json\/wp\/v2\/posts\/4300\/revisions"}],"predecessor-version":[{"id":4302,"href":"https:\/\/agora.xtec.cat\/ceipgranullarius\/wp-json\/wp\/v2\/posts\/4300\/revisions\/4302"}],"wp:attachment":[{"href":"https:\/\/agora.xtec.cat\/ceipgranullarius\/wp-json\/wp\/v2\/media?parent=4300"}],"wp:term":[{"taxonomy":"category","embeddable":true,"href":"https:\/\/agora.xtec.cat\/ceipgranullarius\/wp-json\/wp\/v2\/categories?post=4300"},{"taxonomy":"post_tag","embeddable":true,"href":"https:\/\/agora.xtec.cat\/ceipgranullarius\/wp-json\/wp\/v2\/tags?post=4300"}],"curies":[{"name":"wp","href":"https:\/\/api.w.org\/{rel}","templated":true}]}}