{"id":4283,"date":"2024-05-17T16:31:52","date_gmt":"2024-05-17T14:31:52","guid":{"rendered":"https:\/\/agora.xtec.cat\/ceipgranullarius\/?p=4283"},"modified":"2024-05-17T16:31:52","modified_gmt":"2024-05-17T14:31:52","slug":"3r-sortida-a-lobservatori-astronomic-de-sabadell-2","status":"publish","type":"post","link":"https:\/\/agora.xtec.cat\/ceipgranullarius\/general\/3r-sortida-a-lobservatori-astronomic-de-sabadell-2\/","title":{"rendered":"3r &#8211; Sortida a l&#8217;Observatori Astron\u00f2mic de Sabadell"},"content":{"rendered":"<p><a href=\"https:\/\/photos.app.goo.gl\/KbWefZMeS5WAZ9mq5\"><img loading=\"lazy\" decoding=\"async\" class=\"aligncenter size-large wp-image-4284\" src=\"https:\/\/agora.xtec.cat\/ceipgranullarius\/wp-content\/uploads\/usu769\/2024\/05\/0.-Portada-578x1024.jpg\" alt=\"\" width=\"578\" height=\"1024\" srcset=\"https:\/\/agora.xtec.cat\/ceipgranullarius\/wp-content\/uploads\/usu769\/2024\/05\/0.-Portada-578x1024.jpg 578w, https:\/\/agora.xtec.cat\/ceipgranullarius\/wp-content\/uploads\/usu769\/2024\/05\/0.-Portada-169x300.jpg 169w, https:\/\/agora.xtec.cat\/ceipgranullarius\/wp-content\/uploads\/usu769\/2024\/05\/0.-Portada-768x1362.jpg 768w, https:\/\/agora.xtec.cat\/ceipgranullarius\/wp-content\/uploads\/usu769\/2024\/05\/0.-Portada-866x1536.jpg 866w, https:\/\/agora.xtec.cat\/ceipgranullarius\/wp-content\/uploads\/usu769\/2024\/05\/0.-Portada-1155x2048.jpg 1155w, https:\/\/agora.xtec.cat\/ceipgranullarius\/wp-content\/uploads\/usu769\/2024\/05\/0.-Portada-scaled.jpg 1444w\" sizes=\"auto, (max-width: 578px) 100vw, 578px\" \/><\/a><\/p>\n<p>Aprofitant que estem investigant el projecte de l\u2019univers, el passat divendres 3 de maig, els alumnes de 3r vam anar a l\u2019Observatori Astron\u00f2mic de Sabadell. Amb molt de compte, vam poder veure el sol de ben a prop i, fins i tot, vam veure i tocar un meteorit! Tamb\u00e9 ens van explicar i ensenyar fotografies sobre el sistema solar. Finalment, ens ho vam passar molt b\u00e9 jugant al parc dels tobogans, la tirolina i la pir\u00e0mide de cordes.<\/p>\n<p>Va ser una sortida inoblidable!<\/p>\n<p>Feu clic a la imatge per veure m\u00e9s fotos!<\/p>\n","protected":false},"excerpt":{"rendered":"<p><a href=\"https:\/\/photos.app.goo.gl\/KbWefZMeS5WAZ9mq5\"><\/a><br \/>\nAprofitant que estem investigant el projecte de l\u2019univers, el passat divendres 3 de maig, els alumnes de 3r vam anar a l\u2019Observatori Astron\u00f2mic de Sabadell. Amb molt de compte, vam poder veure el sol de ben a prop i, fins i tot, vam veure&hellip;  <a href=\"https:\/\/agora.xtec.cat\/ceipgranullarius\/general\/3r-sortida-a-lobservatori-astronomic-de-sabadell-2\/\" title=\"Read 3r &#8211; Sortida a l&#8217;Observatori Astron\u00f2mic de Sabadell\">Llegeix m\u00e9s\u00bb<\/a><\/p>\n","protected":false},"author":1,"featured_media":0,"comment_status":"open","ping_status":"closed","sticky":false,"template":"","format":"standard","meta":{"_bbp_topic_count":0,"_bbp_reply_count":0,"_bbp_total_topic_count":0,"_bbp_total_reply_count":0,"_bbp_voice_count":0,"_bbp_anonymous_reply_count":0,"_bbp_topic_count_hidden":0,"_bbp_reply_count_hidden":0,"_bbp_forum_subforum_count":0,"footnotes":""},"categories":[12,49,63,51,1,4],"tags":[],"class_list":["post-4283","post","type-post","status-publish","format-standard","hentry","category-3r","category-cicle-mitja","category-educacio-primaria","category-escola","category-general","category-portada"],"post_mailing_queue_ids":[],"_links":{"self":[{"href":"https:\/\/agora.xtec.cat\/ceipgranullarius\/wp-json\/wp\/v2\/posts\/4283","targetHints":{"allow":["GET"]}}],"collection":[{"href":"https:\/\/agora.xtec.cat\/ceipgranullarius\/wp-json\/wp\/v2\/posts"}],"about":[{"href":"https:\/\/agora.xtec.cat\/ceipgranullarius\/wp-json\/wp\/v2\/types\/post"}],"author":[{"embeddable":true,"href":"https:\/\/agora.xtec.cat\/ceipgranullarius\/wp-json\/wp\/v2\/users\/1"}],"replies":[{"embeddable":true,"href":"https:\/\/agora.xtec.cat\/ceipgranullarius\/wp-json\/wp\/v2\/comments?post=4283"}],"version-history":[{"count":1,"href":"https:\/\/agora.xtec.cat\/ceipgranullarius\/wp-json\/wp\/v2\/posts\/4283\/revisions"}],"predecessor-version":[{"id":4285,"href":"https:\/\/agora.xtec.cat\/ceipgranullarius\/wp-json\/wp\/v2\/posts\/4283\/revisions\/4285"}],"wp:attachment":[{"href":"https:\/\/agora.xtec.cat\/ceipgranullarius\/wp-json\/wp\/v2\/media?parent=4283"}],"wp:term":[{"taxonomy":"category","embeddable":true,"href":"https:\/\/agora.xtec.cat\/ceipgranullarius\/wp-json\/wp\/v2\/categories?post=4283"},{"taxonomy":"post_tag","embeddable":true,"href":"https:\/\/agora.xtec.cat\/ceipgranullarius\/wp-json\/wp\/v2\/tags?post=4283"}],"curies":[{"name":"wp","href":"https:\/\/api.w.org\/{rel}","templated":true}]}}