{"id":4265,"date":"2024-04-23T15:22:14","date_gmt":"2024-04-23T13:22:14","guid":{"rendered":"https:\/\/agora.xtec.cat\/ceipgranullarius\/?p=4265"},"modified":"2024-04-23T15:56:13","modified_gmt":"2024-04-23T13:56:13","slug":"v-jocs-florals-sant-jordi","status":"publish","type":"post","link":"https:\/\/agora.xtec.cat\/ceipgranullarius\/general\/v-jocs-florals-sant-jordi\/","title":{"rendered":"V Jocs Florals &#8211; Sant Jordi"},"content":{"rendered":"<p><img loading=\"lazy\" decoding=\"async\" class=\"aligncenter size-large wp-image-4266\" src=\"https:\/\/agora.xtec.cat\/ceipgranullarius\/wp-content\/uploads\/usu769\/2024\/04\/1713870631652-1024x768.jpg\" alt=\"\" width=\"1024\" height=\"768\" srcset=\"https:\/\/agora.xtec.cat\/ceipgranullarius\/wp-content\/uploads\/usu769\/2024\/04\/1713870631652-1024x768.jpg 1024w, https:\/\/agora.xtec.cat\/ceipgranullarius\/wp-content\/uploads\/usu769\/2024\/04\/1713870631652-300x225.jpg 300w, https:\/\/agora.xtec.cat\/ceipgranullarius\/wp-content\/uploads\/usu769\/2024\/04\/1713870631652-768x576.jpg 768w, https:\/\/agora.xtec.cat\/ceipgranullarius\/wp-content\/uploads\/usu769\/2024\/04\/1713870631652-1536x1152.jpg 1536w, https:\/\/agora.xtec.cat\/ceipgranullarius\/wp-content\/uploads\/usu769\/2024\/04\/1713870631652-2048x1536.jpg 2048w, https:\/\/agora.xtec.cat\/ceipgranullarius\/wp-content\/uploads\/usu769\/2024\/04\/1713870631652-200x150.jpg 200w\" sizes=\"auto, (max-width: 1024px) 100vw, 1024px\" \/><\/p>\n<p>Avui hem celebrat els <strong>V Jocs Florals per celebrar la diada de Sant Jordi.<\/strong><\/p>\n<p>L&#8217;alumnat ha participat amb diferents tipologies textuals i el jurat, format per mestres de l&#8217;escola i la <span style=\"font-weight: 400;\">Montserrat Bu\u00f1uel (Il\u00b7lustradora), la <\/span><span style=\"font-weight: 400;\">Carme Garv\u00edn (volunt\u00e0ria educativa Equip GRANA) i l&#8217;<\/span><span style=\"font-weight: 400;\">Edith Mart\u00ednez (representant de l\u2019AFA), ha seleccionat d&#8217;entre els textos finalistes els guanyadors\/es de cada categoria:<\/span><\/p>\n<table style=\"border-collapse: collapse; width: 100%;\">\n<tbody>\n<tr>\n<td style=\"width: 33.3333%;\"><strong>1r PRIM\u00c0RIA<\/strong><\/p>\n<p>3r PREMI \u2192 Mart\u00edn Collazos<\/p>\n<p>2n PREMI \u2192 Pol Anell<\/p>\n<p>1r PREMI \u2192 Mael Costa<\/td>\n<td style=\"width: 33.3333%;\"><strong>3r PRIM\u00c0RIA<\/strong><\/p>\n<p>3r PREMI \u2192 Naiara P\u00e9rez<\/p>\n<p>2n PREMI \u2192 Daniela Ramos<\/p>\n<p>1r PREMI \u2192 Noa Llonch<\/td>\n<td style=\"width: 33.3333%;\"><strong>5\u00e8 PRIM\u00c0RIA<\/strong><\/p>\n<p>3r PREMI \u2192 Luc\u00eda N\u00fa\u00f1ez<\/p>\n<p>2n PREMI \u2192 Abril Umbert<\/p>\n<p>1r PREMI \u2192 Arnau Marceau<\/td>\n<\/tr>\n<tr>\n<td style=\"width: 33.3333%;\"><strong>2n PRIM\u00c0RIA<\/strong><\/p>\n<p>3r PREMI\u2192 Adri\u00e0 Tol\u00f3s<\/p>\n<p>2n PREMI\u2192 Mafalda Albalat<\/p>\n<p>1r PREMI\u2192 Blai Vila<\/td>\n<td style=\"width: 33.3333%;\"><strong>4t PRIM\u00c0RIA<\/strong><\/p>\n<p>2n PREMI\u2192 Marianna Belando i J\u00falia Gal\u00e1n<\/p>\n<p>1r PREMI\u2192 Carla Ca\u00f1as i Deliana Barrios<\/td>\n<td style=\"width: 33.3333%;\"><strong>6\u00e8 PRIM\u00c0RIA<\/strong><\/p>\n<p>3r PREMI\u2192\u00a0 Hugo Lesmes<\/p>\n<p>2n PREMI\u2192 Queralt Pumarola<\/p>\n<p>1r PREMI\u2192 Mario Guzm\u00e1n<\/td>\n<\/tr>\n<\/tbody>\n<\/table>\n<p>Tamb\u00e9 hem gaudit de les <strong>danses<\/strong>:<\/p>\n<p><span style=\"font-weight: 400;\">I3: <\/span><b>\u201cSant Jordi arriba\u201d<\/b><\/p>\n<p><span style=\"font-weight: 400;\">I4: <\/span><b>\u201cPersonatges de Sant Jordi\u201d<\/b><\/p>\n<p><span style=\"font-weight: 400;\">I5: <\/span><b>\u201cLa llegenda de Sant Jordi\u201d<\/b><\/p>\n<p>3r: <strong>Ball de bastons<\/strong><\/p>\n<p>4t: <strong>Sardana &#8220;Un drac ben panxo&#8221;<\/strong><\/p>\n<p>Podeu veure fotos i v\u00eddeos al seg\u00fcent <a href=\"https:\/\/photos.app.goo.gl\/VgZWFXYjTnTcDee18\">enlla\u00e7<\/a>.<\/p>\n","protected":false},"excerpt":{"rendered":"<p>Avui hem celebrat els V Jocs Florals per celebrar la diada de Sant Jordi.<br \/>\nL&#8217;alumnat ha participat amb diferents tipologies textuals i el jurat, format per mestres de l&#8217;escola i la Montserrat Bu\u00f1uel (Il\u00b7lustradora), la Carme Garv\u00edn (volunt\u00e0ria educativa Equip GRANA) i l&#8217;Edith Mart\u00ednez (representant de&hellip;  <a href=\"https:\/\/agora.xtec.cat\/ceipgranullarius\/general\/v-jocs-florals-sant-jordi\/\" title=\"Read V Jocs Florals &#8211; Sant Jordi\">Llegeix m\u00e9s\u00bb<\/a><\/p>\n","protected":false},"author":1,"featured_media":0,"comment_status":"open","ping_status":"closed","sticky":false,"template":"","format":"standard","meta":{"_bbp_topic_count":0,"_bbp_reply_count":0,"_bbp_total_topic_count":0,"_bbp_total_reply_count":0,"_bbp_voice_count":0,"_bbp_anonymous_reply_count":0,"_bbp_topic_count_hidden":0,"_bbp_reply_count_hidden":0,"_bbp_forum_subforum_count":0,"footnotes":""},"categories":[10,11,12,13,14,15,62,49,50,2,63,51,1,3,8,9,4],"tags":[],"class_list":["post-4265","post","type-post","status-publish","format-standard","hentry","category-1r","category-2n","category-3r","category-4t","category-5e","category-6e","category-cicle-inicial","category-cicle-mitja","category-cicle-superior","category-educacio-infantil","category-educacio-primaria","category-escola","category-general","category-i3","category-i4","category-i5","category-portada"],"post_mailing_queue_ids":[],"_links":{"self":[{"href":"https:\/\/agora.xtec.cat\/ceipgranullarius\/wp-json\/wp\/v2\/posts\/4265","targetHints":{"allow":["GET"]}}],"collection":[{"href":"https:\/\/agora.xtec.cat\/ceipgranullarius\/wp-json\/wp\/v2\/posts"}],"about":[{"href":"https:\/\/agora.xtec.cat\/ceipgranullarius\/wp-json\/wp\/v2\/types\/post"}],"author":[{"embeddable":true,"href":"https:\/\/agora.xtec.cat\/ceipgranullarius\/wp-json\/wp\/v2\/users\/1"}],"replies":[{"embeddable":true,"href":"https:\/\/agora.xtec.cat\/ceipgranullarius\/wp-json\/wp\/v2\/comments?post=4265"}],"version-history":[{"count":2,"href":"https:\/\/agora.xtec.cat\/ceipgranullarius\/wp-json\/wp\/v2\/posts\/4265\/revisions"}],"predecessor-version":[{"id":4268,"href":"https:\/\/agora.xtec.cat\/ceipgranullarius\/wp-json\/wp\/v2\/posts\/4265\/revisions\/4268"}],"wp:attachment":[{"href":"https:\/\/agora.xtec.cat\/ceipgranullarius\/wp-json\/wp\/v2\/media?parent=4265"}],"wp:term":[{"taxonomy":"category","embeddable":true,"href":"https:\/\/agora.xtec.cat\/ceipgranullarius\/wp-json\/wp\/v2\/categories?post=4265"},{"taxonomy":"post_tag","embeddable":true,"href":"https:\/\/agora.xtec.cat\/ceipgranullarius\/wp-json\/wp\/v2\/tags?post=4265"}],"curies":[{"name":"wp","href":"https:\/\/api.w.org\/{rel}","templated":true}]}}