{"id":4261,"date":"2024-04-22T12:14:40","date_gmt":"2024-04-22T10:14:40","guid":{"rendered":"https:\/\/agora.xtec.cat\/ceipgranullarius\/?p=4261"},"modified":"2024-04-22T12:14:40","modified_gmt":"2024-04-22T10:14:40","slug":"5e-esquiada","status":"publish","type":"post","link":"https:\/\/agora.xtec.cat\/ceipgranullarius\/general\/5e-esquiada\/","title":{"rendered":"5\u00e8 &#8211; Esquiada"},"content":{"rendered":"<p><a href=\"https:\/\/agora.xtec.cat\/ceipgranullarius\/wp-content\/uploads\/usu769\/2024\/04\/1.-PORTADA.heic\"><img decoding=\"async\" class=\"aligncenter size-full wp-image-4262\" src=\"https:\/\/agora.xtec.cat\/ceipgranullarius\/wp-content\/uploads\/usu769\/2024\/04\/1.-PORTADA.heic\" alt=\"\" \/><\/a><\/p>\n<p><img loading=\"lazy\" decoding=\"async\" class=\"aligncenter size-large wp-image-4263\" src=\"https:\/\/agora.xtec.cat\/ceipgranullarius\/wp-content\/uploads\/usu769\/2024\/04\/1.-PORTADA-1-1024x768.jpg\" alt=\"\" width=\"1024\" height=\"768\" srcset=\"https:\/\/agora.xtec.cat\/ceipgranullarius\/wp-content\/uploads\/usu769\/2024\/04\/1.-PORTADA-1-1024x768.jpg 1024w, https:\/\/agora.xtec.cat\/ceipgranullarius\/wp-content\/uploads\/usu769\/2024\/04\/1.-PORTADA-1-300x225.jpg 300w, https:\/\/agora.xtec.cat\/ceipgranullarius\/wp-content\/uploads\/usu769\/2024\/04\/1.-PORTADA-1-768x576.jpg 768w, https:\/\/agora.xtec.cat\/ceipgranullarius\/wp-content\/uploads\/usu769\/2024\/04\/1.-PORTADA-1-1536x1152.jpg 1536w, https:\/\/agora.xtec.cat\/ceipgranullarius\/wp-content\/uploads\/usu769\/2024\/04\/1.-PORTADA-1-2048x1536.jpg 2048w, https:\/\/agora.xtec.cat\/ceipgranullarius\/wp-content\/uploads\/usu769\/2024\/04\/1.-PORTADA-1-200x150.jpg 200w\" sizes=\"auto, (max-width: 1024px) 100vw, 1024px\" \/><\/p>\n<p><span style=\"font-weight: 400;\">A finals de febrer els i les alumnes de 5\u00e8 vam anar a l\u2019estaci\u00f3 d\u2019esqu\u00ed la Llosa (a Fran\u00e7a) a practicar l\u2019esqu\u00ed de fons.<\/span><\/p>\n<p><span style=\"font-weight: 400;\">Durant el primer dia els monitors ens van ensenyar a posar-nos els esqu\u00eds i vam comen\u00e7ar a lliscar. A la tarda vam anar a Puigcerd\u00e0, a un c\u00e0mping molt bonic, en el qual vam dormir en uns bungalows de fusta.\u00a0<\/span><\/p>\n<p><span style=\"font-weight: 400;\">L&#8217;endem\u00e0 al mat\u00ed ja esqui\u00e0vem molt b\u00e9! Vam dinar a unes taules de p\u00edcnic i aix\u00ed vam poder aprofitar la tarda per fer ninots de neu i tirar-nos amb trineu.<\/span><\/p>\n<p><a href=\"https:\/\/photos.app.goo.gl\/DGi45v8ajAYT2EK6A\">Fotos<\/a><\/p>\n","protected":false},"excerpt":{"rendered":"<p><a href=\"https:\/\/agora.xtec.cat\/ceipgranullarius\/wp-content\/uploads\/usu769\/2024\/04\/1.-PORTADA.heic\"><\/a><\/p>\n<p>A finals de febrer els i les alumnes de 5\u00e8 vam anar a l\u2019estaci\u00f3 d\u2019esqu\u00ed la Llosa (a Fran\u00e7a) a practicar l\u2019esqu\u00ed de fons.<br \/>\nDurant el primer dia els monitors ens van ensenyar a posar-nos els esqu\u00eds i vam comen\u00e7ar a lliscar. A la tarda&hellip;  <a href=\"https:\/\/agora.xtec.cat\/ceipgranullarius\/general\/5e-esquiada\/\" title=\"Read 5\u00e8 &#8211; Esquiada\">Llegeix m\u00e9s\u00bb<\/a><\/p>\n","protected":false},"author":1,"featured_media":0,"comment_status":"open","ping_status":"closed","sticky":false,"template":"","format":"standard","meta":{"_bbp_topic_count":0,"_bbp_reply_count":0,"_bbp_total_topic_count":0,"_bbp_total_reply_count":0,"_bbp_voice_count":0,"_bbp_anonymous_reply_count":0,"_bbp_topic_count_hidden":0,"_bbp_reply_count_hidden":0,"_bbp_forum_subforum_count":0,"footnotes":""},"categories":[14,50,63,51,1,4],"tags":[],"class_list":["post-4261","post","type-post","status-publish","format-standard","hentry","category-5e","category-cicle-superior","category-educacio-primaria","category-escola","category-general","category-portada"],"post_mailing_queue_ids":[],"_links":{"self":[{"href":"https:\/\/agora.xtec.cat\/ceipgranullarius\/wp-json\/wp\/v2\/posts\/4261","targetHints":{"allow":["GET"]}}],"collection":[{"href":"https:\/\/agora.xtec.cat\/ceipgranullarius\/wp-json\/wp\/v2\/posts"}],"about":[{"href":"https:\/\/agora.xtec.cat\/ceipgranullarius\/wp-json\/wp\/v2\/types\/post"}],"author":[{"embeddable":true,"href":"https:\/\/agora.xtec.cat\/ceipgranullarius\/wp-json\/wp\/v2\/users\/1"}],"replies":[{"embeddable":true,"href":"https:\/\/agora.xtec.cat\/ceipgranullarius\/wp-json\/wp\/v2\/comments?post=4261"}],"version-history":[{"count":1,"href":"https:\/\/agora.xtec.cat\/ceipgranullarius\/wp-json\/wp\/v2\/posts\/4261\/revisions"}],"predecessor-version":[{"id":4264,"href":"https:\/\/agora.xtec.cat\/ceipgranullarius\/wp-json\/wp\/v2\/posts\/4261\/revisions\/4264"}],"wp:attachment":[{"href":"https:\/\/agora.xtec.cat\/ceipgranullarius\/wp-json\/wp\/v2\/media?parent=4261"}],"wp:term":[{"taxonomy":"category","embeddable":true,"href":"https:\/\/agora.xtec.cat\/ceipgranullarius\/wp-json\/wp\/v2\/categories?post=4261"},{"taxonomy":"post_tag","embeddable":true,"href":"https:\/\/agora.xtec.cat\/ceipgranullarius\/wp-json\/wp\/v2\/tags?post=4261"}],"curies":[{"name":"wp","href":"https:\/\/api.w.org\/{rel}","templated":true}]}}